{"id":2442,"date":"2025-09-01T14:55:30","date_gmt":"2025-09-01T14:55:30","guid":{"rendered":"https:\/\/dsch.pt\/?p=2442"},"modified":"2026-01-15T16:17:10","modified_gmt":"2026-01-15T16:17:10","slug":"festival-internacional-de-musica-braganca-classicfest-25","status":"publish","type":"post","link":"https:\/\/dsch.pt\/en\/festival-internacional-de-musica-braganca-classicfest-25\/","title":{"rendered":"BRAGAN\u00c7A CLASSIC FEST International Music Festival '25"},"content":{"rendered":"<div data-elementor-type=\"wp-post\" data-elementor-id=\"2442\" class=\"elementor elementor-2442\">\n\t\t\t\t\t\t<section class=\"elementor-section elementor-top-section elementor-element elementor-element-742a977 elementor-section-stretched elementor-section-boxed elementor-section-height-default elementor-section-height-default\" data-id=\"742a977\" data-element_type=\"section\" data-e-type=\"section\" data-settings=\"{&quot;stretch_section&quot;:&quot;section-stretched&quot;,&quot;background_background&quot;:&quot;classic&quot;}\">\n\t\t\t\t\t\t<div class=\"elementor-container elementor-column-gap-no\">\n\t\t\t\t\t<div class=\"elementor-column elementor-col-100 elementor-top-column elementor-element elementor-element-ca13f23 elementor-invisible\" data-id=\"ca13f23\" data-element_type=\"column\" data-e-type=\"column\" data-settings=\"{&quot;background_background&quot;:&quot;classic&quot;,&quot;animation&quot;:&quot;fadeInLeft&quot;}\">\n\t\t\t<div class=\"elementor-widget-wrap elementor-element-populated\">\n\t\t\t\t\t\t<div class=\"elementor-element elementor-element-acf7282 elementor-widget elementor-widget-tl-post-title\" data-id=\"acf7282\" data-element_type=\"widget\" data-e-type=\"widget\" data-widget_type=\"tl-post-title.default\">\n\t\t\t\t<div class=\"elementor-widget-container\">\n\t\t\t\t\t<h2 class=\"templately-heading-title\">BRAGAN\u00c7A CLASSIC FEST International Music Festival '25<\/h2>\t\t\t\t<\/div>\n\t\t\t\t<\/div>\n\t\t\t\t\t<\/div>\n\t\t<\/div>\n\t\t\t\t\t<\/div>\n\t\t<\/section>\n\t\t\t\t<section class=\"elementor-section elementor-top-section elementor-element elementor-element-1c2f925e elementor-section-stretched elementor-section-boxed elementor-section-height-default elementor-section-height-default\" data-id=\"1c2f925e\" data-element_type=\"section\" data-e-type=\"section\" data-settings=\"{&quot;stretch_section&quot;:&quot;section-stretched&quot;}\">\n\t\t\t\t\t\t<div class=\"elementor-container elementor-column-gap-no\">\n\t\t\t\t\t<div class=\"elementor-column elementor-col-33 elementor-top-column elementor-element elementor-element-1dd781ee elementor-invisible\" data-id=\"1dd781ee\" data-element_type=\"column\" data-e-type=\"column\" data-settings=\"{&quot;background_background&quot;:&quot;classic&quot;,&quot;animation&quot;:&quot;fadeInRight&quot;}\">\n\t\t\t<div class=\"elementor-widget-wrap elementor-element-populated\">\n\t\t\t\t\t\t<div class=\"elementor-element elementor-element-70d06d19 elementor-widget elementor-widget-image\" data-id=\"70d06d19\" data-element_type=\"widget\" data-e-type=\"widget\" data-widget_type=\"image.default\">\n\t\t\t\t<div class=\"elementor-widget-container\">\n\t\t\t\t\t\t\t\t\t\t\t\t<figure class=\"wp-caption\">\n\t\t\t\t\t\t\t\t\t\t<img fetchpriority=\"high\" decoding=\"async\" width=\"1080\" height=\"1080\" src=\"https:\/\/dsch.pt\/wp-content\/uploads\/2025\/09\/BCF25-noticia-1x1-1.jpg\" class=\"attachment-full size-full wp-image-1649\" alt=\"\" srcset=\"https:\/\/dsch.pt\/wp-content\/uploads\/2025\/09\/BCF25-noticia-1x1-1.jpg 1080w, https:\/\/dsch.pt\/wp-content\/uploads\/2025\/09\/BCF25-noticia-1x1-1-300x300.jpg 300w, https:\/\/dsch.pt\/wp-content\/uploads\/2025\/09\/BCF25-noticia-1x1-1-1024x1024.jpg 1024w, https:\/\/dsch.pt\/wp-content\/uploads\/2025\/09\/BCF25-noticia-1x1-1-150x150.jpg 150w, https:\/\/dsch.pt\/wp-content\/uploads\/2025\/09\/BCF25-noticia-1x1-1-768x768.jpg 768w, https:\/\/dsch.pt\/wp-content\/uploads\/2025\/09\/BCF25-noticia-1x1-1-600x600.jpg 600w\" sizes=\"(max-width: 1080px) 100vw, 1080px\" \/>\t\t\t\t\t\t\t\t\t\t\t<figcaption class=\"widget-image-caption wp-caption-text\">\u00a9 Marco Grieco<\/figcaption>\n\t\t\t\t\t\t\t\t\t\t<\/figure>\n\t\t\t\t\t\t\t\t\t<\/div>\n\t\t\t\t<\/div>\n\t\t\t\t\t<\/div>\n\t\t<\/div>\n\t\t\t\t<div class=\"elementor-column elementor-col-66 elementor-top-column elementor-element elementor-element-72d355ee elementor-invisible\" data-id=\"72d355ee\" data-element_type=\"column\" data-e-type=\"column\" data-settings=\"{&quot;background_background&quot;:&quot;classic&quot;,&quot;animation&quot;:&quot;fadeInLeft&quot;}\">\n\t\t\t<div class=\"elementor-widget-wrap elementor-element-populated\">\n\t\t\t\t\t\t<section class=\"elementor-section elementor-inner-section elementor-element elementor-element-3b5b279f elementor-section-boxed elementor-section-height-default elementor-section-height-default\" data-id=\"3b5b279f\" data-element_type=\"section\" data-e-type=\"section\" data-settings=\"{&quot;background_background&quot;:&quot;classic&quot;}\">\n\t\t\t\t\t\t<div class=\"elementor-container elementor-column-gap-wider\">\n\t\t\t\t\t<div class=\"elementor-column elementor-col-100 elementor-inner-column elementor-element elementor-element-1d841b63\" data-id=\"1d841b63\" data-element_type=\"column\" data-e-type=\"column\">\n\t\t\t<div class=\"elementor-widget-wrap elementor-element-populated\">\n\t\t\t\t\t\t<div class=\"elementor-element elementor-element-a5d5657 eael-infobox-content-align--left eael-infobox-icon-bg-shape-none eael-infobox-icon-hover-bg-shape-none elementor-widget elementor-widget-eael-info-box\" data-id=\"a5d5657\" data-element_type=\"widget\" data-e-type=\"widget\" data-widget_type=\"eael-info-box.default\">\n\t\t\t\t<div class=\"elementor-widget-container\">\n\t\t\t\t\t        <div class=\"eael-infobox icon-on-left\">\n\t            <div class=\"infobox-icon eael-icon-only\">\n\n            \n                            <div class=\"infobox-icon-wrap\">\n                    <i aria-hidden=\"true\" class=\"far fa-calendar-alt\"><\/i>                <\/div>\n            \n            \n        <\/div>\n            <div class=\"infobox-content eael-icon-only\">\n                    <div class=\"infobox-title-section\">\n                <h6 class=\"title\">1 september 2025<\/h6>            <\/div>\n                    <\/div>\n            <\/div>\n\n\t\t\t\t\t\t<\/div>\n\t\t\t\t<\/div>\n\t\t\t\t<div class=\"elementor-element elementor-element-1968efa9 elementor-widget elementor-widget-text-editor\" data-id=\"1968efa9\" data-element_type=\"widget\" data-e-type=\"widget\" data-widget_type=\"text-editor.default\">\n\t\t\t\t<div class=\"elementor-widget-container\">\n\t\t\t\t\t\t\t\t\t<div class=\"elementor-element elementor-element-5256158 align-dce-justify elementor-widget elementor-widget-dyncontel-acf\" data-id=\"5256158\" data-element_type=\"widget\" data-settings=\"{&quot;acf_field_list&quot;:&quot;texto_topo&quot;,&quot;acf_type&quot;:&quot;text&quot;}\" data-widget_type=\"dyncontel-acf.default\"><div class=\"elementor-element elementor-element-23aa9167 align-dce-justify elementor-widget elementor-widget-dyncontel-acf\" data-id=\"23aa9167\" data-element_type=\"widget\" data-settings=\"{&quot;acf_field_list&quot;:&quot;texto_topo&quot;,&quot;acf_type&quot;:&quot;text&quot;}\" data-widget_type=\"dyncontel-acf.default\"><p><b>5th Edition | 2025<\/b><\/p><div class=\"elementor-widget-container\"><div class=\"dynamic-content-for-elementor-acf\"><p class=\"translation-block\"><p>In 2025, the year of its 5th edition, the <b>Bragan\u00e7a Classic Fest International Music Festival<\/b> continues its mission of providing democratic access to artistic excellence.<\/p><div class=\"elementor-element elementor-element-23aa9167 align-dce-justify elementor-widget elementor-widget-dyncontel-acf\" data-id=\"23aa9167\" data-element_type=\"widget\" data-settings=\"{&quot;acf_field_list&quot;:&quot;texto_topo&quot;,&quot;acf_type&quot;:&quot;text&quot;}\" data-widget_type=\"dyncontel-acf.default\"><div class=\"elementor-widget-container\"><div class=\"dynamic-content-for-elementor-acf\"><p>Since 2021, the Festival has offered unforgettable concerts, sold out by an enthusiastic, multigenerational audience, featuring some of the finest international orchestras\u2014from Vienna, Paris, Saint Petersburg, and Venice\u2014renowned figures of the global music scene such as Anna Samuil, G\u00e9rard Causs\u00e9, Diana Tischenko, Mario Hossen, Pascal Moragu\u00e8s, and Victor Julien-Laferri\u00e8re, among others, as well as unmissable national artists like Ant\u00f3nio Victorino d\u2019Almeida, Pedro Caldeira Cabral, and Sete L\u00e1grimas, alongside some of the greatest talents of the emerging generation.<\/p><p class=\"translation-block\"><p>Between <b>27 September and 11 October<\/b>, Bragan\u00e7a once again becomes the epicenter of classical music with the 5th Bragan\u00e7a Classic Fest, nationally and internationally recognized as a landmark cultural event, celebrating musical excellence in community and contributing to the vitality and development of a unique region, full of charm and potential.<\/p><p class=\"translation-block\"><p>One of the major highlights of this edition is the <b>decentralization of the program<\/b> within the Municipality of Bragan\u00e7a: the Opening Concert will take place at the Basilica of Santo Cristo de Outeiro, a national monument since 1927 and the only basilica located in a Portuguese village. On 27 September, the prestigious ensemble <b>Arte Minima<\/b>, under the direction of <b>Pedro Sousa Silva<\/b>, will present the program <i>The Golden Age of Portuguese Music<\/i>, dedicated to composers of the 16th and 17th centuries.<\/p><p class=\"translation-block\"><p>Also for the first time, the <b>Teatro Municipal de Bragan\u00e7a<\/b> will host three major orchestral concerts. Two of them will be performed by the <b>Orquestra Sinf\u00f3nica do Principado das Ast\u00farias<\/b> (OSPA), returning to the Festival after the great success achieved in 2023. Under the direction of its principal conductor, <b>Nuno Coelho<\/b>, OSPA will be the protagonist of the World Music Day Concert on 1 October, featuring the Overture to Mozart\u2019s opera <i>The Magic Flute<\/i> and Beethoven\u2019s famous \u201cEroica\u201d Symphony, thus continuing the complete cycle of symphonies by the \u201cgenius of Bonn\u201d initiated in the Festival\u2019s 3rd edition. On 2 October, the program will present two masterpieces of Musical Romanticism: Schubert\u2019s \u201cUnfinished\u201d Symphony and Beethoven\u2019s Triple Concerto.<\/p><p class=\"translation-block\"><p>Another highly anticipated moment is the concert on 11 October by the <b>Orquestra Philharmonia Frankfurt<\/b>, performing in Portugal for the first time, under the direction of conductor <b>Juri Gilbo<\/b> and featuring soloist <b>Vladislav Lavrik<\/b>, one of the leading trumpeters of today, also making his debut in our country \u2013 thus closing the Festival on a high note.<\/p><p class=\"translation-block\"><p>Among the outstanding musicians of this edition are the Swiss violinist <b>Esther Hoppe<\/b>, who will perform on her 1722 Stradivarius \u201cDe Ahna\u201d violin, the Norwegian violist <b>Lars Anders Tomter<\/b>, and the Swiss cellist <b>Christian Polt\u00e9ra<\/b>, who will take centre stage in the concert by the renowned <b>DSCH Schostakovich Ensemble<\/b> on 4 October.<\/p><p class=\"translation-block\"><p>The Festival further strengthens the dialogue between <b>Music and Heritage<\/b>\u2014a defining hallmark of the Classic Fest since its first edition\u2014with three concerts at the Church of S\u00e3o Francisco: on 3 October, the <b>Ensemble L\u2019Amoureux Empire<\/b> (1st Prize in Baroque Music at the Pr\u00e9mio Jovens M\u00fasicos 2024) presents a programme dedicated to the Italian Baroque repertoire; on 9 October, the <b>Quartz Quintet<\/b>, led by the Bragan\u00e7a-born violinist <b>David Seixas<\/b>, offers a musical journey from Piazzolla to the 21st century; and on 10 October, the <b>Juventus Ensemble<\/b> unveils a programme featuring two masterpieces of chamber music, Dvo\u0159\u00e1k\u2019s \u201cAmerican\u201d Quartet and Schumann\u2019s Piano Quintet.<\/p><p class=\"translation-block\"><p>In parallel, the Bragan\u00e7a Classic Fest continues to develop its <b>educational axis<\/b>, promoting masterclasses at the Bragan\u00e7a Conservatory of Music and Dance and open rehearsals at the Municipal Theatre, aimed at musicians and students from the region.<\/p><\/div><\/div><\/div><p class=\"translation-block\"><p>A special word of thanks to all those who make the International Music Festival Bragan\u00e7a Classic Fest possible, beginning with the <b>Municipality of Bragan\u00e7a<\/b>, the <b>Bragan\u00e7a Municipal Theatre<\/b> and <b>DSCH \u2013 Associa\u00e7\u00e3o Musical<\/b>, promoters and organizers of this commendable initiative, as well as the festival\u2019s patron, <b>BPI\/Funda\u00e7\u00e3o \u201cla Caixa\u201d<\/b>. I would also like to acknowledge the support of the <b>Directorate-General for the Arts<\/b>, the <b>Diocese of Miranda\u2013Bragan\u00e7a<\/b>, the media partner <b>RTP Antena 2<\/b>, and, in particular, <b>His Excellency the President of the Republic<\/b>, for once again granting his High Patronage.<\/p><p class=\"translation-block\"><p>Welcome to the 5th edition of the <b>Bragan\u00e7a Classic Fest<\/b>, a landmark cultural event that celebrates classical music with passion and excellence \u2013 <b>from Bragan\u00e7a to the world<\/b>!<\/p><\/div><\/div><\/div><p style=\"text-align: right;\"><b>Filipe Pinto-Ribeiro<\/b><b><br \/><\/b>Artistic Director of the BRAGAN\u00c7A CLASSIC FEST International Music Festival<\/p><p>More information:\u00a0<a href=\"http:\/\/classicfest.pt\/\" data-wplink-edit=\"true\">classicfest.pt<\/a><\/p><\/div>\t\t\t\t\t\t\t\t<\/div>\n\t\t\t\t<\/div>\n\t\t\t\t<div class=\"elementor-element elementor-element-56c5fd5 elementor-shape-circle e-grid-align-left elementor-grid-0 elementor-widget elementor-widget-social-icons\" data-id=\"56c5fd5\" data-element_type=\"widget\" data-e-type=\"widget\" data-widget_type=\"social-icons.default\">\n\t\t\t\t<div class=\"elementor-widget-container\">\n\t\t\t\t\t\t\t<div class=\"elementor-social-icons-wrapper elementor-grid\" role=\"list\">\n\t\t\t\t\t\t\t<span class=\"elementor-grid-item\" role=\"listitem\">\n\t\t\t\t\t<a class=\"elementor-icon elementor-social-icon elementor-social-icon-facebook elementor-repeater-item-e267b2b\" href=\"https:\/\/www.facebook.com\/bragancaclassicfest\" target=\"_blank\">\n\t\t\t\t\t\t<span class=\"elementor-screen-only\">Facebook<\/span>\n\t\t\t\t\t\t<i aria-hidden=\"true\" class=\"fab fa-facebook\"><\/i>\t\t\t\t\t<\/a>\n\t\t\t\t<\/span>\n\t\t\t\t\t\t\t<span class=\"elementor-grid-item\" role=\"listitem\">\n\t\t\t\t\t<a class=\"elementor-icon elementor-social-icon elementor-social-icon-instagram elementor-repeater-item-75ec5b8\" href=\"https:\/\/www.instagram.com\/festivalbraganca\/\" target=\"_blank\">\n\t\t\t\t\t\t<span class=\"elementor-screen-only\">Instagram<\/span>\n\t\t\t\t\t\t<i aria-hidden=\"true\" class=\"fab fa-instagram\"><\/i>\t\t\t\t\t<\/a>\n\t\t\t\t<\/span>\n\t\t\t\t\t\t\t<span class=\"elementor-grid-item\" role=\"listitem\">\n\t\t\t\t\t<a class=\"elementor-icon elementor-social-icon elementor-social-icon-youtube elementor-repeater-item-f4cb2ec\" href=\"https:\/\/www.youtube.com\/@Bragan%C3%A7aClassicFest\" target=\"_blank\">\n\t\t\t\t\t\t<span class=\"elementor-screen-only\">Youtube<\/span>\n\t\t\t\t\t\t<i aria-hidden=\"true\" class=\"fab fa-youtube\"><\/i>\t\t\t\t\t<\/a>\n\t\t\t\t<\/span>\n\t\t\t\t\t\t\t<span class=\"elementor-grid-item\" role=\"listitem\">\n\t\t\t\t\t<a class=\"elementor-icon elementor-social-icon elementor-social-icon-envelope elementor-repeater-item-ae7b6a3\" href=\"mailto:info@classicfest.pt\" target=\"_blank\">\n\t\t\t\t\t\t<span class=\"elementor-screen-only\">Envelope<\/span>\n\t\t\t\t\t\t<i aria-hidden=\"true\" class=\"fas fa-envelope\"><\/i>\t\t\t\t\t<\/a>\n\t\t\t\t<\/span>\n\t\t\t\t\t\t\t<span class=\"elementor-grid-item\" role=\"listitem\">\n\t\t\t\t\t<a class=\"elementor-icon elementor-social-icon elementor-social-icon-globe elementor-repeater-item-3977b49\" href=\"http:\/\/classicfest.pt\/\" target=\"_blank\">\n\t\t\t\t\t\t<span class=\"elementor-screen-only\">Globe<\/span>\n\t\t\t\t\t\t<i aria-hidden=\"true\" class=\"fas fa-globe\"><\/i>\t\t\t\t\t<\/a>\n\t\t\t\t<\/span>\n\t\t\t\t\t<\/div>\n\t\t\t\t\t\t<\/div>\n\t\t\t\t<\/div>\n\t\t\t\t\t<\/div>\n\t\t<\/div>\n\t\t\t\t\t<\/div>\n\t\t<\/section>\n\t\t\t\t\t<\/div>\n\t\t<\/div>\n\t\t\t\t\t<\/div>\n\t\t<\/section>\n\t\t\t\t<\/div>","protected":false},"excerpt":{"rendered":"<p>In 2025, the year in which it celebrates its 5th edition, the Bragan\u00e7a ClassicFest International Music Festival continues its mission of providing democratic access to artistic excellence.<\/p>","protected":false},"author":3,"featured_media":1649,"comment_status":"closed","ping_status":"open","sticky":false,"template":"elementor_header_footer","format":"standard","meta":{"footnotes":""},"categories":[24],"tags":[],"class_list":["post-2442","post","type-post","status-publish","format-standard","has-post-thumbnail","hentry","category-24"],"aioseo_notices":[],"_links":{"self":[{"href":"https:\/\/dsch.pt\/en\/wp-json\/wp\/v2\/posts\/2442","targetHints":{"allow":["GET"]}}],"collection":[{"href":"https:\/\/dsch.pt\/en\/wp-json\/wp\/v2\/posts"}],"about":[{"href":"https:\/\/dsch.pt\/en\/wp-json\/wp\/v2\/types\/post"}],"author":[{"embeddable":true,"href":"https:\/\/dsch.pt\/en\/wp-json\/wp\/v2\/users\/3"}],"replies":[{"embeddable":true,"href":"https:\/\/dsch.pt\/en\/wp-json\/wp\/v2\/comments?post=2442"}],"version-history":[{"count":16,"href":"https:\/\/dsch.pt\/en\/wp-json\/wp\/v2\/posts\/2442\/revisions"}],"predecessor-version":[{"id":3447,"href":"https:\/\/dsch.pt\/en\/wp-json\/wp\/v2\/posts\/2442\/revisions\/3447"}],"wp:featuredmedia":[{"embeddable":true,"href":"https:\/\/dsch.pt\/en\/wp-json\/wp\/v2\/media\/1649"}],"wp:attachment":[{"href":"https:\/\/dsch.pt\/en\/wp-json\/wp\/v2\/media?parent=2442"}],"wp:term":[{"taxonomy":"category","embeddable":true,"href":"https:\/\/dsch.pt\/en\/wp-json\/wp\/v2\/categories?post=2442"},{"taxonomy":"post_tag","embeddable":true,"href":"https:\/\/dsch.pt\/en\/wp-json\/wp\/v2\/tags?post=2442"}],"curies":[{"name":"wp","href":"https:\/\/api.w.org\/{rel}","templated":true}]}}