{"id":2780,"date":"2024-01-25T08:34:49","date_gmt":"2024-01-25T08:34:49","guid":{"rendered":"https:\/\/dsch.pt\/?p=2780"},"modified":"2026-01-15T09:45:48","modified_gmt":"2026-01-15T09:45:48","slug":"festival-academia-verao-classico-24","status":"publish","type":"post","link":"https:\/\/dsch.pt\/en\/festival-academia-verao-classico-24\/","title":{"rendered":"Festival &amp; Academy Ver\u00e3o Cl\u00e1ssico \u201924"},"content":{"rendered":"<div data-elementor-type=\"wp-post\" data-elementor-id=\"2780\" class=\"elementor elementor-2780\">\n\t\t\t\t\t\t<section class=\"elementor-section elementor-top-section elementor-element elementor-element-049c86e elementor-section-stretched elementor-section-boxed elementor-section-height-default elementor-section-height-default\" data-id=\"049c86e\" data-element_type=\"section\" data-e-type=\"section\" data-settings=\"{&quot;stretch_section&quot;:&quot;section-stretched&quot;,&quot;background_background&quot;:&quot;classic&quot;}\">\n\t\t\t\t\t\t<div class=\"elementor-container elementor-column-gap-no\">\n\t\t\t\t\t<div class=\"elementor-column elementor-col-100 elementor-top-column elementor-element elementor-element-d0aeb90 elementor-invisible\" data-id=\"d0aeb90\" data-element_type=\"column\" data-e-type=\"column\" data-settings=\"{&quot;background_background&quot;:&quot;classic&quot;,&quot;animation&quot;:&quot;fadeInLeft&quot;}\">\n\t\t\t<div class=\"elementor-widget-wrap elementor-element-populated\">\n\t\t\t\t\t\t<div class=\"elementor-element elementor-element-2ff82ff elementor-widget elementor-widget-tl-post-title\" data-id=\"2ff82ff\" data-element_type=\"widget\" data-e-type=\"widget\" data-widget_type=\"tl-post-title.default\">\n\t\t\t\t<div class=\"elementor-widget-container\">\n\t\t\t\t\t<h2 class=\"templately-heading-title\">Festival &amp; Academy Ver\u00e3o Cl\u00e1ssico \u201924<\/h2>\t\t\t\t<\/div>\n\t\t\t\t<\/div>\n\t\t\t\t\t<\/div>\n\t\t<\/div>\n\t\t\t\t\t<\/div>\n\t\t<\/section>\n\t\t\t\t<section class=\"elementor-section elementor-top-section elementor-element elementor-element-1c2f925e elementor-section-stretched elementor-section-boxed elementor-section-height-default elementor-section-height-default\" data-id=\"1c2f925e\" data-element_type=\"section\" data-e-type=\"section\" data-settings=\"{&quot;stretch_section&quot;:&quot;section-stretched&quot;}\">\n\t\t\t\t\t\t<div class=\"elementor-container elementor-column-gap-no\">\n\t\t\t\t\t<div class=\"elementor-column elementor-col-33 elementor-top-column elementor-element elementor-element-1dd781ee elementor-invisible\" data-id=\"1dd781ee\" data-element_type=\"column\" data-e-type=\"column\" data-settings=\"{&quot;background_background&quot;:&quot;classic&quot;,&quot;animation&quot;:&quot;fadeInRight&quot;}\">\n\t\t\t<div class=\"elementor-widget-wrap elementor-element-populated\">\n\t\t\t\t\t\t<div class=\"elementor-element elementor-element-48179ca elementor-widget elementor-widget-tl-post-fatured-image\" data-id=\"48179ca\" data-element_type=\"widget\" data-e-type=\"widget\" data-widget_type=\"tl-post-fatured-image.default\">\n\t\t\t\t<div class=\"elementor-widget-container\">\n\t\t\t\t\t<img loading=\"lazy\" decoding=\"async\" width=\"1052\" height=\"1052\" src=\"https:\/\/dsch.pt\/wp-content\/uploads\/2024\/11\/1x1-Banner-VC24.jpg\" title=\"1&#215;1 &#8211; Banner VC24\" alt=\"\" class=\"attachment-full size-full wp-image-910\" srcset=\"https:\/\/dsch.pt\/wp-content\/uploads\/2024\/11\/1x1-Banner-VC24.jpg 1052w, https:\/\/dsch.pt\/wp-content\/uploads\/2024\/11\/1x1-Banner-VC24-300x300.jpg 300w, https:\/\/dsch.pt\/wp-content\/uploads\/2024\/11\/1x1-Banner-VC24-1024x1024.jpg 1024w, https:\/\/dsch.pt\/wp-content\/uploads\/2024\/11\/1x1-Banner-VC24-150x150.jpg 150w, https:\/\/dsch.pt\/wp-content\/uploads\/2024\/11\/1x1-Banner-VC24-768x768.jpg 768w, https:\/\/dsch.pt\/wp-content\/uploads\/2024\/11\/1x1-Banner-VC24-600x600.jpg 600w\" sizes=\"auto, (max-width: 1052px) 100vw, 1052px\" \/>\t\t\t\t<\/div>\n\t\t\t\t<\/div>\n\t\t\t\t\t<\/div>\n\t\t<\/div>\n\t\t\t\t<div class=\"elementor-column elementor-col-66 elementor-top-column elementor-element elementor-element-72d355ee elementor-invisible\" data-id=\"72d355ee\" data-element_type=\"column\" data-e-type=\"column\" data-settings=\"{&quot;background_background&quot;:&quot;classic&quot;,&quot;animation&quot;:&quot;fadeInLeft&quot;}\">\n\t\t\t<div class=\"elementor-widget-wrap elementor-element-populated\">\n\t\t\t\t\t\t<section class=\"elementor-section elementor-inner-section elementor-element elementor-element-3b5b279f elementor-section-boxed elementor-section-height-default elementor-section-height-default\" data-id=\"3b5b279f\" data-element_type=\"section\" data-e-type=\"section\" data-settings=\"{&quot;background_background&quot;:&quot;classic&quot;}\">\n\t\t\t\t\t\t<div class=\"elementor-container elementor-column-gap-wider\">\n\t\t\t\t\t<div class=\"elementor-column elementor-col-100 elementor-inner-column elementor-element elementor-element-1d841b63\" data-id=\"1d841b63\" data-element_type=\"column\" data-e-type=\"column\">\n\t\t\t<div class=\"elementor-widget-wrap elementor-element-populated\">\n\t\t\t\t\t\t<div class=\"elementor-element elementor-element-a5d5657 eael-infobox-content-align--left eael-infobox-icon-bg-shape-none eael-infobox-icon-hover-bg-shape-none elementor-widget elementor-widget-eael-info-box\" data-id=\"a5d5657\" data-element_type=\"widget\" data-e-type=\"widget\" data-widget_type=\"eael-info-box.default\">\n\t\t\t\t<div class=\"elementor-widget-container\">\n\t\t\t\t\t        <div class=\"eael-infobox icon-on-left\">\n\t            <div class=\"infobox-icon eael-icon-only\">\n\n            \n                            <div class=\"infobox-icon-wrap\">\n                    <i aria-hidden=\"true\" class=\"far fa-calendar-alt\"><\/i>                <\/div>\n            \n            \n        <\/div>\n            <div class=\"infobox-content eael-icon-only\">\n                    <div class=\"infobox-title-section\">\n                <h6 class=\"title\">25 janeiro 2024<\/h6>            <\/div>\n                    <\/div>\n            <\/div>\n\n\t\t\t\t\t\t<\/div>\n\t\t\t\t<\/div>\n\t\t\t\t<div class=\"elementor-element elementor-element-1968efa9 elementor-widget elementor-widget-text-editor\" data-id=\"1968efa9\" data-element_type=\"widget\" data-e-type=\"widget\" data-widget_type=\"text-editor.default\">\n\t\t\t\t<div class=\"elementor-widget-container\">\n\t\t\t\t\t\t\t\t\t<div class=\"elementor-element elementor-element-5256158 align-dce-justify elementor-widget elementor-widget-dyncontel-acf\" data-id=\"5256158\" data-element_type=\"widget\" data-settings=\"{&quot;acf_field_list&quot;:&quot;texto_topo&quot;,&quot;acf_type&quot;:&quot;text&quot;}\" data-widget_type=\"dyncontel-acf.default\"><div class=\"elementor-element elementor-element-23aa9167 align-dce-justify elementor-widget elementor-widget-dyncontel-acf\" data-id=\"23aa9167\" data-element_type=\"widget\" data-settings=\"{&quot;acf_field_list&quot;:&quot;texto_topo&quot;,&quot;acf_type&quot;:&quot;text&quot;}\" data-widget_type=\"dyncontel-acf.default\"><p><span class=\"TextoJustificado BlackText TextoBio\"><strong>Festival &amp; Academia VER\u00c3O CL\u00c1SSICO 202<\/strong><strong>5 | <span class=\"TextoBio\">10\u00aa edi\u00e7\u00e3o<\/span><\/strong><\/span><\/p><p><span class=\"TextoJustificado BlackText TextoBio\">Artistic Director: Filipe Pinto-Ribeiro<\/span><\/p><p><span class=\"TextoBio\">The 2024 VER\u00c3O CL\u00c1SSICO Festival will present concerts and masterclasses from 22 July to 3 August in Lisbon, featuring major works from the musical repertoire of the 18th to the 21st centuries. The programme includes four MasterFest concerts, with the participation of outstanding musicians\u2014internationally renowned references on their instruments\u2014as well as several TalentFest concerts, showcasing young musicians taking part in the VER\u00c3O CL\u00c1SSICO Masterclasses, who are nationally and\/or internationally award-winning.<\/span><\/p><p><span class=\"TextoBio\">Founded in 2015, the VER\u00c3O CL\u00c1SSICO Festival and Academy is an initiative that annually presents concerts and masterclasses in Lisbon and has been recognized by both national and international press as one of the world\u2019s leading festivals and academies.<\/span><\/p><p><span class=\"TextoBio\">The VER\u00c3O CL\u00c1SSICO Masterclasses are aimed at music students and teachers. In the 2023 edition, around 200 young musicians, Portuguese and international, took part, coming from countries such as Germany, Austria, Armenia, Belgium, Canada, China, South Korea, Croatia, Denmark, Spain, the USA, France, Georgia, Hungary, Ireland, Iceland, Israel, Italy, Japan, Lithuania, North Macedonia, the Netherlands, the United Kingdom, the Czech Republic, Romania, Russia, Sweden, Switzerland, Ukraine, and Venezuela.<\/span><\/p><p><span class=\"TextoBio\">In this 10th edition, the VER\u00c3O CL\u00c1SSICO Festival will feature musicians of worldwide reputation, from renowned conservatories and universities such as Berlin, Paris, Vienna, Salzburg, Geneva, Lausanne, Zurich, Madrid, and Copenhagen, as well as from leading orchestras, including soloists from the Berlin Philharmonic Orchestra, the Orchestre de Paris, and the Orchestre National de France.<\/span><\/p><p><span class=\"TextoBio\">VER\u00c3O CL\u00c1SSICO professors will lead masterclasses in musical technique and interpretation, held simultaneously in several rooms of the Artistic School of Music of the National Conservatory \/ Marqu\u00eas de Pombal Secondary School, where practice and rehearsal rooms will be available for the participating young musicians.<\/span><\/p><p><span class=\"TextoBio\">All masterclass participants are eligible for the VER\u00c3O CL\u00c1SSICO Prizes, judged by the faculty. These prizes, awarded in the form of concert engagements within music seasons held in Portugal, play an important role in encouraging and recognizing the talent and work developed during VER\u00c3O CL\u00c1SSICO. Some prize-winning young musicians from previous editions have already had the opportunity to perform as soloists this season with Portugal\u2019s three regional orchestras\u2014the Orquestra do Norte, Orquestra Filarmonia das Beiras, and Orquestra Cl\u00e1ssica do Sul\u2014as well as at international music festivals.<\/span><\/p><p><span class=\"TextoBio\">The VER\u00c3O CL\u00c1SSICO Festival &amp; Academy thus promotes the training and public presentation of young talents, encouraging and supporting them in building their careers, while simultaneously fostering cultural exchange among participants of different nationalities. For Portuguese students, it offers\u2014within their own country\u2014a platform for developing their artistic level and an exceptional opportunity to learn from the most prestigious international professors, world-leading references on their instruments.<\/span><\/p><p><span class=\"TextoBio\">The educational axis of VER\u00c3O CL\u00c1SSICO is complemented by the performance axis, embodied in the Music Festival, which throughout the event presents concerts in Lisbon featuring major works from the 18th to the 21st centuries: four MasterFest concerts, with the participation of the musicians\/professors, and six TalentFest concerts, featuring VER\u00c3O CL\u00c1SSICO young musicians who are nationally and\/or internationally award-winning.<\/span><\/p><p><span class=\"TextoBio\">The VER\u00c3O CL\u00c1SSICO Festival &amp; Academy positions itself as a unique artistic and pedagogical initiative in Portugal, a cultural project of excellence open to all audiences.<\/span><\/p><p class=\"translation-block\"><span class=\"TextoBio\">The detailed Festival program can be consulted here: (<a href=\"https:\/\/www.veraoclassico.com\/\" target=\"_blank\" rel=\"noopener\">https:\/\/www.veraoclassico.com\/<\/a>)<\/span><\/p><p><span class=\"TextoJustificado TextoBio\"><strong>VER\u00c3O CL\u00c1SSICO Calendar\u00a0<\/strong><\/span><span class=\"TextoJustificado BlackText\"><strong>2024:<\/strong><\/span><\/p><p class=\"translation-block\"><span class=\"TextoBio\">22.07.2024 : Masterclasses \/ Masterclasses<br><\/span>\n<span class=\"TextoBio\">23.07.2024 : Masterclasses &amp; <strong>Concerto de Abertura \/ Opening Concert<\/strong><br><\/span>\n<span class=\"TextoBio\">24.07.2024 : Masterclasses &amp; Concerto TalentFest \/ TalentFest Concert<br><\/span>\n<span class=\"TextoBio\">25.07.2024 : Masterclasses &amp; Concerto TalentFest \/ TalentFest Concert<br><\/span>\n<span class=\"TextoBio\">26.07.2024 : Masterclasses &amp; Concerto TalentFest \/ TalentFest Concert<br><\/span>\n<span class=\"TextoBio\">27.07.2024 : Masterclasses &amp; <strong>Concerto MasterFest \/ MasterFest Concert<\/strong><br><\/span>\n<span class=\"TextoBio\">29.07.2024 : Masterclasses \/ Masterclasses<br><\/span>\n<span class=\"TextoBio\">30.07.2024 : Masterclasses &amp; Concerto TalentFest \/ TalentFest Concert<br><\/span>\n<span class=\"TextoBio\">31.07.2024 : Masterclasses &amp; <strong>Concerto MasterFest \/ MasterFest Concert<\/strong><br><\/span>\n<span class=\"TextoBio\">01.08.2024 : Masterclasses &amp; Concerto TalentFest \/ TalentFest Concert<br><\/span>\n<span class=\"TextoBio\">02.08.2024 : Masterclasses &amp; Concerto TalentFest \/ TalentFest Concert<br><\/span>\n<span class=\"TextoBio\">03.08.2024 : Masterclasses &amp; <strong>Concerto de Encerramento \/ Closing Concert<\/strong><\/span><\/p><\/div><\/div>\t\t\t\t\t\t\t\t<\/div>\n\t\t\t\t<\/div>\n\t\t\t\t<div class=\"elementor-element elementor-element-56c5fd5 elementor-shape-circle e-grid-align-left elementor-grid-0 elementor-widget elementor-widget-social-icons\" data-id=\"56c5fd5\" data-element_type=\"widget\" data-e-type=\"widget\" data-widget_type=\"social-icons.default\">\n\t\t\t\t<div class=\"elementor-widget-container\">\n\t\t\t\t\t\t\t<div class=\"elementor-social-icons-wrapper elementor-grid\" role=\"list\">\n\t\t\t\t\t\t\t<span class=\"elementor-grid-item\" role=\"listitem\">\n\t\t\t\t\t<a class=\"elementor-icon elementor-social-icon elementor-social-icon-facebook elementor-repeater-item-e267b2b\" href=\"https:\/\/www.facebook.com\/VeraoClassico\" target=\"_blank\">\n\t\t\t\t\t\t<span class=\"elementor-screen-only\">Facebook<\/span>\n\t\t\t\t\t\t<i aria-hidden=\"true\" class=\"fab fa-facebook\"><\/i>\t\t\t\t\t<\/a>\n\t\t\t\t<\/span>\n\t\t\t\t\t\t\t<span class=\"elementor-grid-item\" role=\"listitem\">\n\t\t\t\t\t<a class=\"elementor-icon elementor-social-icon elementor-social-icon-instagram elementor-repeater-item-75ec5b8\" href=\"https:\/\/www.instagram.com\/veraoclassico\/\" target=\"_blank\">\n\t\t\t\t\t\t<span class=\"elementor-screen-only\">Instagram<\/span>\n\t\t\t\t\t\t<i aria-hidden=\"true\" class=\"fab fa-instagram\"><\/i>\t\t\t\t\t<\/a>\n\t\t\t\t<\/span>\n\t\t\t\t\t\t\t<span class=\"elementor-grid-item\" role=\"listitem\">\n\t\t\t\t\t<a class=\"elementor-icon elementor-social-icon elementor-social-icon-youtube elementor-repeater-item-f4cb2ec\" href=\"https:\/\/www.youtube.com\/@veraoclassico\" target=\"_blank\">\n\t\t\t\t\t\t<span class=\"elementor-screen-only\">Youtube<\/span>\n\t\t\t\t\t\t<i aria-hidden=\"true\" class=\"fab fa-youtube\"><\/i>\t\t\t\t\t<\/a>\n\t\t\t\t<\/span>\n\t\t\t\t\t\t\t<span class=\"elementor-grid-item\" role=\"listitem\">\n\t\t\t\t\t<a class=\"elementor-icon elementor-social-icon elementor-social-icon-envelope elementor-repeater-item-ae7b6a3\" href=\"mailto:info@veraoclassico.com\" target=\"_blank\">\n\t\t\t\t\t\t<span class=\"elementor-screen-only\">Envelope<\/span>\n\t\t\t\t\t\t<i aria-hidden=\"true\" class=\"fas fa-envelope\"><\/i>\t\t\t\t\t<\/a>\n\t\t\t\t<\/span>\n\t\t\t\t\t<\/div>\n\t\t\t\t\t\t<\/div>\n\t\t\t\t<\/div>\n\t\t\t\t\t<\/div>\n\t\t<\/div>\n\t\t\t\t\t<\/div>\n\t\t<\/section>\n\t\t\t\t\t<\/div>\n\t\t<\/div>\n\t\t\t\t\t<\/div>\n\t\t<\/section>\n\t\t\t\t<\/div>","protected":false},"excerpt":{"rendered":"<p>O Festival VER\u00c3O CL\u00c1SSICO 2024 apresentar\u00e1 concertos e masterclasses, entre 22 de julho e 3 de agosto, em Lisboa&#8230;<\/p>","protected":false},"author":3,"featured_media":910,"comment_status":"closed","ping_status":"open","sticky":false,"template":"elementor_header_footer","format":"standard","meta":{"footnotes":""},"categories":[25],"tags":[],"class_list":["post-2780","post","type-post","status-publish","format-standard","has-post-thumbnail","hentry","category-25"],"aioseo_notices":[],"_links":{"self":[{"href":"https:\/\/dsch.pt\/en\/wp-json\/wp\/v2\/posts\/2780","targetHints":{"allow":["GET"]}}],"collection":[{"href":"https:\/\/dsch.pt\/en\/wp-json\/wp\/v2\/posts"}],"about":[{"href":"https:\/\/dsch.pt\/en\/wp-json\/wp\/v2\/types\/post"}],"author":[{"embeddable":true,"href":"https:\/\/dsch.pt\/en\/wp-json\/wp\/v2\/users\/3"}],"replies":[{"embeddable":true,"href":"https:\/\/dsch.pt\/en\/wp-json\/wp\/v2\/comments?post=2780"}],"version-history":[{"count":11,"href":"https:\/\/dsch.pt\/en\/wp-json\/wp\/v2\/posts\/2780\/revisions"}],"predecessor-version":[{"id":3324,"href":"https:\/\/dsch.pt\/en\/wp-json\/wp\/v2\/posts\/2780\/revisions\/3324"}],"wp:featuredmedia":[{"embeddable":true,"href":"https:\/\/dsch.pt\/en\/wp-json\/wp\/v2\/media\/910"}],"wp:attachment":[{"href":"https:\/\/dsch.pt\/en\/wp-json\/wp\/v2\/media?parent=2780"}],"wp:term":[{"taxonomy":"category","embeddable":true,"href":"https:\/\/dsch.pt\/en\/wp-json\/wp\/v2\/categories?post=2780"},{"taxonomy":"post_tag","embeddable":true,"href":"https:\/\/dsch.pt\/en\/wp-json\/wp\/v2\/tags?post=2780"}],"curies":[{"name":"wp","href":"https:\/\/api.w.org\/{rel}","templated":true}]}}