{"id":2798,"date":"2023-11-05T08:47:37","date_gmt":"2023-11-05T08:47:37","guid":{"rendered":"https:\/\/dsch.pt\/?p=2798"},"modified":"2026-01-15T16:23:14","modified_gmt":"2026-01-15T16:23:14","slug":"3o-ciclo-de-concertos-musical-mente-23-24","status":"publish","type":"post","link":"https:\/\/dsch.pt\/en\/3o-ciclo-de-concertos-musical-mente-23-24\/","title":{"rendered":"3rd MUSICAL-MENTE Concert Series \u201923\/24"},"content":{"rendered":"<div data-elementor-type=\"wp-post\" data-elementor-id=\"2798\" class=\"elementor elementor-2798\">\n\t\t\t\t\t\t<section class=\"elementor-section elementor-top-section elementor-element elementor-element-d90d13e elementor-section-stretched elementor-section-boxed elementor-section-height-default elementor-section-height-default\" data-id=\"d90d13e\" data-element_type=\"section\" data-e-type=\"section\" data-settings=\"{&quot;stretch_section&quot;:&quot;section-stretched&quot;,&quot;background_background&quot;:&quot;classic&quot;}\">\n\t\t\t\t\t\t<div class=\"elementor-container elementor-column-gap-no\">\n\t\t\t\t\t<div class=\"elementor-column elementor-col-100 elementor-top-column elementor-element elementor-element-b505958 elementor-invisible\" data-id=\"b505958\" data-element_type=\"column\" data-e-type=\"column\" data-settings=\"{&quot;background_background&quot;:&quot;classic&quot;,&quot;animation&quot;:&quot;fadeInLeft&quot;}\">\n\t\t\t<div class=\"elementor-widget-wrap elementor-element-populated\">\n\t\t\t\t\t\t<div class=\"elementor-element elementor-element-f4e3a5c elementor-widget elementor-widget-tl-post-title\" data-id=\"f4e3a5c\" data-element_type=\"widget\" data-e-type=\"widget\" data-widget_type=\"tl-post-title.default\">\n\t\t\t\t<div class=\"elementor-widget-container\">\n\t\t\t\t\t<h2 class=\"templately-heading-title\">3rd MUSICAL-MENTE Concert Series \u201923\/24<\/h2>\t\t\t\t<\/div>\n\t\t\t\t<\/div>\n\t\t\t\t\t<\/div>\n\t\t<\/div>\n\t\t\t\t\t<\/div>\n\t\t<\/section>\n\t\t\t\t<section class=\"elementor-section elementor-top-section elementor-element elementor-element-1c2f925e elementor-section-stretched elementor-section-boxed elementor-section-height-default elementor-section-height-default\" data-id=\"1c2f925e\" data-element_type=\"section\" data-e-type=\"section\" data-settings=\"{&quot;stretch_section&quot;:&quot;section-stretched&quot;}\">\n\t\t\t\t\t\t<div class=\"elementor-container elementor-column-gap-no\">\n\t\t\t\t\t<div class=\"elementor-column elementor-col-33 elementor-top-column elementor-element elementor-element-1dd781ee elementor-invisible\" data-id=\"1dd781ee\" data-element_type=\"column\" data-e-type=\"column\" data-settings=\"{&quot;background_background&quot;:&quot;classic&quot;,&quot;animation&quot;:&quot;fadeInRight&quot;}\">\n\t\t\t<div class=\"elementor-widget-wrap elementor-element-populated\">\n\t\t\t\t\t\t<div class=\"elementor-element elementor-element-54f80b1 elementor-widget elementor-widget-tl-post-fatured-image\" data-id=\"54f80b1\" data-element_type=\"widget\" data-e-type=\"widget\" data-widget_type=\"tl-post-fatured-image.default\">\n\t\t\t\t<div class=\"elementor-widget-container\">\n\t\t\t\t\t<img loading=\"lazy\" decoding=\"async\" width=\"1600\" height=\"1600\" src=\"https:\/\/dsch.pt\/wp-content\/uploads\/2023\/12\/noticia-musicalmente.jpg\" title=\"noticia musicalmente\" alt=\"\" class=\"attachment-full size-full wp-image-716\" srcset=\"https:\/\/dsch.pt\/wp-content\/uploads\/2023\/12\/noticia-musicalmente.jpg 1600w, https:\/\/dsch.pt\/wp-content\/uploads\/2023\/12\/noticia-musicalmente-300x300.jpg 300w, https:\/\/dsch.pt\/wp-content\/uploads\/2023\/12\/noticia-musicalmente-1024x1024.jpg 1024w, https:\/\/dsch.pt\/wp-content\/uploads\/2023\/12\/noticia-musicalmente-150x150.jpg 150w, https:\/\/dsch.pt\/wp-content\/uploads\/2023\/12\/noticia-musicalmente-768x768.jpg 768w, https:\/\/dsch.pt\/wp-content\/uploads\/2023\/12\/noticia-musicalmente-1536x1536.jpg 1536w, https:\/\/dsch.pt\/wp-content\/uploads\/2023\/12\/noticia-musicalmente-600x600.jpg 600w\" sizes=\"auto, (max-width: 1600px) 100vw, 1600px\" \/>\t\t\t\t<\/div>\n\t\t\t\t<\/div>\n\t\t\t\t\t<\/div>\n\t\t<\/div>\n\t\t\t\t<div class=\"elementor-column elementor-col-66 elementor-top-column elementor-element elementor-element-72d355ee elementor-invisible\" data-id=\"72d355ee\" data-element_type=\"column\" data-e-type=\"column\" data-settings=\"{&quot;background_background&quot;:&quot;classic&quot;,&quot;animation&quot;:&quot;fadeInLeft&quot;}\">\n\t\t\t<div class=\"elementor-widget-wrap elementor-element-populated\">\n\t\t\t\t\t\t<section class=\"elementor-section elementor-inner-section elementor-element elementor-element-3b5b279f elementor-section-boxed elementor-section-height-default elementor-section-height-default\" data-id=\"3b5b279f\" data-element_type=\"section\" data-e-type=\"section\" data-settings=\"{&quot;background_background&quot;:&quot;classic&quot;}\">\n\t\t\t\t\t\t<div class=\"elementor-container elementor-column-gap-wider\">\n\t\t\t\t\t<div class=\"elementor-column elementor-col-100 elementor-inner-column elementor-element elementor-element-1d841b63\" data-id=\"1d841b63\" data-element_type=\"column\" data-e-type=\"column\">\n\t\t\t<div class=\"elementor-widget-wrap elementor-element-populated\">\n\t\t\t\t\t\t<div class=\"elementor-element elementor-element-a5d5657 eael-infobox-content-align--left eael-infobox-icon-bg-shape-none eael-infobox-icon-hover-bg-shape-none elementor-widget elementor-widget-eael-info-box\" data-id=\"a5d5657\" data-element_type=\"widget\" data-e-type=\"widget\" data-widget_type=\"eael-info-box.default\">\n\t\t\t\t<div class=\"elementor-widget-container\">\n\t\t\t\t\t        <div class=\"eael-infobox icon-on-left\">\n\t            <div class=\"infobox-icon eael-icon-only\">\n\n            \n                            <div class=\"infobox-icon-wrap\">\n                    <i aria-hidden=\"true\" class=\"far fa-calendar-alt\"><\/i>                <\/div>\n            \n            \n        <\/div>\n            <div class=\"infobox-content eael-icon-only\">\n                    <div class=\"infobox-title-section\">\n                <h6 class=\"title\">5 November 2023<\/h6>            <\/div>\n                    <\/div>\n            <\/div>\n\n\t\t\t\t\t\t<\/div>\n\t\t\t\t<\/div>\n\t\t\t\t<div class=\"elementor-element elementor-element-1968efa9 elementor-widget elementor-widget-text-editor\" data-id=\"1968efa9\" data-element_type=\"widget\" data-e-type=\"widget\" data-widget_type=\"text-editor.default\">\n\t\t\t\t<div class=\"elementor-widget-container\">\n\t\t\t\t\t\t\t\t\t<div class=\"elementor-element elementor-element-5256158 align-dce-justify elementor-widget elementor-widget-dyncontel-acf\" data-id=\"5256158\" data-element_type=\"widget\" data-settings=\"{&quot;acf_field_list&quot;:&quot;texto_topo&quot;,&quot;acf_type&quot;:&quot;text&quot;}\" data-widget_type=\"dyncontel-acf.default\">\ud83d\udccd Teatro Nacional S\u00e3o Jo\u00e3o | Temporada 2023-2024<\/div><div class=\"elementor-element elementor-element-5256158 align-dce-justify elementor-widget elementor-widget-dyncontel-acf\" data-id=\"5256158\" data-element_type=\"widget\" data-settings=\"{&quot;acf_field_list&quot;:&quot;texto_topo&quot;,&quot;acf_type&quot;:&quot;text&quot;}\" data-widget_type=\"dyncontel-acf.default\"><p class=\"translation-block\">curation: <strong>Filipe Pinto-Ribeiro<\/strong><\/p><div class=\"elementor-widget-container\"><div class=\"dynamic-content-for-elementor-acf\"><p class=\"translation-block\"><p>Co-organization: <b>DSCH \u2013 Associa\u00e7\u00e3o Musical, Teatro Nacional S\u00e3o Jo\u00e3o<\/b><\/p><\/div><p class=\"translation-block\">The third edition of <em>MUSICAL-MENTE<\/em> brings to the Monastery of S\u00e3o Bento da Vit\u00f3ria a monographic triptych inspired by the idea(s) of freedom, in the run-up to the 50th anniversary of April 25th. The concerts are preceded by political preludes, proposing a reflection on the links between art and politics. From November 2023 to March 2024, the creative genius of three composers is evoked in the context of the political regimes of their time: the absolute freedom of Ludwig van Beethoven inspired by the Enlightenment, the repressed freedom of Dmitri Shostakovich under the Soviet yoke, and the exiled freedom of Erich Wolfgang Korngold as a flight from Nazism. In this first concert, the pianist and curator of the cycle Filipe Pinto-Ribeiro joins Spanish violinist Stephan Picard and Dutch cellist Quirine Viersen to perform two Piano Trios by Beethoven, reference works of his chamber music legacy. With the principle of freedom at its core, his music remains tied to a profound humanism. This is how we begin in an enlightened way the third cycle of <em>MUSICAL-MENTE<\/em>.<\/p><p><strong>Concerts:<\/strong><\/p><p><strong>\ud83d\uddd3\ufe0f 16 november 2023<br \/><\/strong>\ud83d\udd56Thr\u00a0<strong>19:00<\/strong><\/p><p><em><strong>BEETHOVEN &#8211; LIBERDADE ABSOLUTA<\/strong><\/em><\/p><p><strong>Filipe Pinto-Ribeiro <\/strong>(piano)<br \/><strong>Stephan Picard<\/strong> (violin)<br \/><strong>Quirine Viersen <\/strong>(cello)<\/p><p>Works by <strong>Ludwig van Beethoven<\/strong><\/p><p><strong>\ud83d\uddd3\ufe0f 15 february 2024<br \/><\/strong>\ud83d\udd56 thr <strong>19:00<\/strong><\/p><p><em><strong>SCHOSTAKOVICH &#8211; LIBERDADE REPRIMIDA<\/strong><\/em><\/p><p><strong>Filipe Pinto-Ribeiro <\/strong>(piano)<br \/><strong>Boris Brovtsyn <\/strong>(violin)<br \/><strong>Alexandra Raikhlina <\/strong>(violin)<br \/><strong>Jennifer Stumm <\/strong>(viola)<br \/><strong>Adrian Brendel <\/strong>(cello)<\/p><p>Works by <strong>Dmitri Schostakovich<\/strong><\/p><p><strong>\ud83d\uddd3\ufe0f 27 march 2024<br \/><\/strong><strong>\ud83d\udd56 <\/strong>wed\u00a0<strong>19:00<\/strong><\/p><p><em><strong>KORNGOLD &#8211; LIBERDADE EXILADA<\/strong><\/em><\/p><p><strong>Filipe Pinto-Ribeiro <\/strong>(piano)<br \/><strong>Rosa Maria Barrantes <\/strong>(piano)<br \/><strong>Mario Hossen <\/strong>(violin)<br \/><strong>Valerie Leopold <\/strong>(violin)<br \/><strong>Marta Potulska<\/strong> (viola)<br \/><strong>Liliana Kehayova <\/strong>(cello)<br \/><strong>Leonor Amaral <\/strong>(soprano)<\/p><p>Works by <strong>Enrich Wolfgang Korngold<\/strong><\/p><p><strong>More information:<\/strong> <a href=\"https:\/\/www.tnsj.pt\/pt\/espetaculos\/6739\/musical-mente\" target=\"_blank\" rel=\"noopener\">https:\/\/www.tnsj.pt\/pt\/espetaculos\/6739\/musical-mente<\/a><\/p><\/div><\/div>\t\t\t\t\t\t\t\t<\/div>\n\t\t\t\t<\/div>\n\t\t\t\t\t<\/div>\n\t\t<\/div>\n\t\t\t\t\t<\/div>\n\t\t<\/section>\n\t\t\t\t\t<\/div>\n\t\t<\/div>\n\t\t\t\t\t<\/div>\n\t\t<\/section>\n\t\t\t\t<\/div>","protected":false},"excerpt":{"rendered":"<p>A terceira edi\u00e7\u00e3o de MUSICAL-MENTE traz ao Mosteiro de S\u00e3o Bento da Vit\u00f3ria um tr\u00edptico monogr\u00e1fico inspirado pela(s) ideia(s) de liberdade&#8230;<\/p>","protected":false},"author":3,"featured_media":716,"comment_status":"closed","ping_status":"open","sticky":false,"template":"elementor_header_footer","format":"standard","meta":{"footnotes":""},"categories":[26],"tags":[],"class_list":["post-2798","post","type-post","status-publish","format-standard","has-post-thumbnail","hentry","category-26"],"aioseo_notices":[],"_links":{"self":[{"href":"https:\/\/dsch.pt\/en\/wp-json\/wp\/v2\/posts\/2798","targetHints":{"allow":["GET"]}}],"collection":[{"href":"https:\/\/dsch.pt\/en\/wp-json\/wp\/v2\/posts"}],"about":[{"href":"https:\/\/dsch.pt\/en\/wp-json\/wp\/v2\/types\/post"}],"author":[{"embeddable":true,"href":"https:\/\/dsch.pt\/en\/wp-json\/wp\/v2\/users\/3"}],"replies":[{"embeddable":true,"href":"https:\/\/dsch.pt\/en\/wp-json\/wp\/v2\/comments?post=2798"}],"version-history":[{"count":11,"href":"https:\/\/dsch.pt\/en\/wp-json\/wp\/v2\/posts\/2798\/revisions"}],"predecessor-version":[{"id":3466,"href":"https:\/\/dsch.pt\/en\/wp-json\/wp\/v2\/posts\/2798\/revisions\/3466"}],"wp:featuredmedia":[{"embeddable":true,"href":"https:\/\/dsch.pt\/en\/wp-json\/wp\/v2\/media\/716"}],"wp:attachment":[{"href":"https:\/\/dsch.pt\/en\/wp-json\/wp\/v2\/media?parent=2798"}],"wp:term":[{"taxonomy":"category","embeddable":true,"href":"https:\/\/dsch.pt\/en\/wp-json\/wp\/v2\/categories?post=2798"},{"taxonomy":"post_tag","embeddable":true,"href":"https:\/\/dsch.pt\/en\/wp-json\/wp\/v2\/tags?post=2798"}],"curies":[{"name":"wp","href":"https:\/\/api.w.org\/{rel}","templated":true}]}}