{"id":2810,"date":"2023-09-01T08:57:02","date_gmt":"2023-09-01T08:57:02","guid":{"rendered":"https:\/\/dsch.pt\/?p=2810"},"modified":"2026-01-15T16:23:42","modified_gmt":"2026-01-15T16:23:42","slug":"festival-internacional-de-musica-braganca-classicfest-23","status":"publish","type":"post","link":"https:\/\/dsch.pt\/en\/festival-internacional-de-musica-braganca-classicfest-23\/","title":{"rendered":"Bragan\u00e7a ClassicFest International Music Festival \u201923"},"content":{"rendered":"<div data-elementor-type=\"wp-post\" data-elementor-id=\"2810\" class=\"elementor elementor-2810\">\n\t\t\t\t\t\t<section class=\"elementor-section elementor-top-section elementor-element elementor-element-742a977 elementor-section-stretched elementor-section-boxed elementor-section-height-default elementor-section-height-default\" data-id=\"742a977\" data-element_type=\"section\" data-e-type=\"section\" data-settings=\"{&quot;stretch_section&quot;:&quot;section-stretched&quot;,&quot;background_background&quot;:&quot;classic&quot;}\">\n\t\t\t\t\t\t<div class=\"elementor-container elementor-column-gap-no\">\n\t\t\t\t\t<div class=\"elementor-column elementor-col-100 elementor-top-column elementor-element elementor-element-ca13f23 elementor-invisible\" data-id=\"ca13f23\" data-element_type=\"column\" data-e-type=\"column\" data-settings=\"{&quot;background_background&quot;:&quot;classic&quot;,&quot;animation&quot;:&quot;fadeInLeft&quot;}\">\n\t\t\t<div class=\"elementor-widget-wrap elementor-element-populated\">\n\t\t\t\t\t\t<div class=\"elementor-element elementor-element-acf7282 elementor-widget elementor-widget-tl-post-title\" data-id=\"acf7282\" data-element_type=\"widget\" data-e-type=\"widget\" data-widget_type=\"tl-post-title.default\">\n\t\t\t\t<div class=\"elementor-widget-container\">\n\t\t\t\t\t<h2 class=\"templately-heading-title\">Bragan\u00e7a ClassicFest International Music Festival \u201923<\/h2>\t\t\t\t<\/div>\n\t\t\t\t<\/div>\n\t\t\t\t\t<\/div>\n\t\t<\/div>\n\t\t\t\t\t<\/div>\n\t\t<\/section>\n\t\t\t\t<section class=\"elementor-section elementor-top-section elementor-element elementor-element-1c2f925e elementor-section-stretched elementor-section-boxed elementor-section-height-default elementor-section-height-default\" data-id=\"1c2f925e\" data-element_type=\"section\" data-e-type=\"section\" data-settings=\"{&quot;stretch_section&quot;:&quot;section-stretched&quot;}\">\n\t\t\t\t\t\t<div class=\"elementor-container elementor-column-gap-no\">\n\t\t\t\t\t<div class=\"elementor-column elementor-col-33 elementor-top-column elementor-element elementor-element-1dd781ee elementor-invisible\" data-id=\"1dd781ee\" data-element_type=\"column\" data-e-type=\"column\" data-settings=\"{&quot;background_background&quot;:&quot;classic&quot;,&quot;animation&quot;:&quot;fadeInRight&quot;}\">\n\t\t\t<div class=\"elementor-widget-wrap elementor-element-populated\">\n\t\t\t\t\t\t<div class=\"elementor-element elementor-element-722b620 elementor-widget elementor-widget-tl-post-fatured-image\" data-id=\"722b620\" data-element_type=\"widget\" data-e-type=\"widget\" data-widget_type=\"tl-post-fatured-image.default\">\n\t\t\t\t<div class=\"elementor-widget-container\">\n\t\t\t\t\t<img loading=\"lazy\" decoding=\"async\" width=\"1600\" height=\"1600\" src=\"https:\/\/dsch.pt\/wp-content\/uploads\/2023\/12\/noticia-braganca.jpg\" title=\"noticia braganca\" alt=\"\" class=\"attachment-full size-full wp-image-723\" srcset=\"https:\/\/dsch.pt\/wp-content\/uploads\/2023\/12\/noticia-braganca.jpg 1600w, https:\/\/dsch.pt\/wp-content\/uploads\/2023\/12\/noticia-braganca-300x300.jpg 300w, https:\/\/dsch.pt\/wp-content\/uploads\/2023\/12\/noticia-braganca-1024x1024.jpg 1024w, https:\/\/dsch.pt\/wp-content\/uploads\/2023\/12\/noticia-braganca-150x150.jpg 150w, https:\/\/dsch.pt\/wp-content\/uploads\/2023\/12\/noticia-braganca-768x768.jpg 768w, https:\/\/dsch.pt\/wp-content\/uploads\/2023\/12\/noticia-braganca-1536x1536.jpg 1536w, https:\/\/dsch.pt\/wp-content\/uploads\/2023\/12\/noticia-braganca-600x600.jpg 600w\" sizes=\"auto, (max-width: 1600px) 100vw, 1600px\" \/>\t\t\t\t<\/div>\n\t\t\t\t<\/div>\n\t\t\t\t\t<\/div>\n\t\t<\/div>\n\t\t\t\t<div class=\"elementor-column elementor-col-66 elementor-top-column elementor-element elementor-element-72d355ee elementor-invisible\" data-id=\"72d355ee\" data-element_type=\"column\" data-e-type=\"column\" data-settings=\"{&quot;background_background&quot;:&quot;classic&quot;,&quot;animation&quot;:&quot;fadeInLeft&quot;}\">\n\t\t\t<div class=\"elementor-widget-wrap elementor-element-populated\">\n\t\t\t\t\t\t<section class=\"elementor-section elementor-inner-section elementor-element elementor-element-3b5b279f elementor-section-boxed elementor-section-height-default elementor-section-height-default\" data-id=\"3b5b279f\" data-element_type=\"section\" data-e-type=\"section\" data-settings=\"{&quot;background_background&quot;:&quot;classic&quot;}\">\n\t\t\t\t\t\t<div class=\"elementor-container elementor-column-gap-wider\">\n\t\t\t\t\t<div class=\"elementor-column elementor-col-100 elementor-inner-column elementor-element elementor-element-1d841b63\" data-id=\"1d841b63\" data-element_type=\"column\" data-e-type=\"column\">\n\t\t\t<div class=\"elementor-widget-wrap elementor-element-populated\">\n\t\t\t\t\t\t<div class=\"elementor-element elementor-element-a5d5657 eael-infobox-content-align--left eael-infobox-icon-bg-shape-none eael-infobox-icon-hover-bg-shape-none elementor-widget elementor-widget-eael-info-box\" data-id=\"a5d5657\" data-element_type=\"widget\" data-e-type=\"widget\" data-widget_type=\"eael-info-box.default\">\n\t\t\t\t<div class=\"elementor-widget-container\">\n\t\t\t\t\t        <div class=\"eael-infobox icon-on-left\">\n\t            <div class=\"infobox-icon eael-icon-only\">\n\n            \n                            <div class=\"infobox-icon-wrap\">\n                    <i aria-hidden=\"true\" class=\"far fa-calendar-alt\"><\/i>                <\/div>\n            \n            \n        <\/div>\n            <div class=\"infobox-content eael-icon-only\">\n                    <div class=\"infobox-title-section\">\n                <h6 class=\"title\">4 September 2024<\/h6>            <\/div>\n                    <\/div>\n            <\/div>\n\n\t\t\t\t\t\t<\/div>\n\t\t\t\t<\/div>\n\t\t\t\t<div class=\"elementor-element elementor-element-1968efa9 elementor-widget elementor-widget-text-editor\" data-id=\"1968efa9\" data-element_type=\"widget\" data-e-type=\"widget\" data-widget_type=\"text-editor.default\">\n\t\t\t\t<div class=\"elementor-widget-container\">\n\t\t\t\t\t\t\t\t\t<div class=\"elementor-element elementor-element-5256158 align-dce-justify elementor-widget elementor-widget-dyncontel-acf\" data-id=\"5256158\" data-element_type=\"widget\" data-settings=\"{&quot;acf_field_list&quot;:&quot;texto_topo&quot;,&quot;acf_type&quot;:&quot;text&quot;}\" data-widget_type=\"dyncontel-acf.default\"><div class=\"elementor-element elementor-element-23aa9167 align-dce-justify elementor-widget elementor-widget-dyncontel-acf\" data-id=\"23aa9167\" data-element_type=\"widget\" data-settings=\"{&quot;acf_field_list&quot;:&quot;texto_topo&quot;,&quot;acf_type&quot;:&quot;text&quot;}\" data-widget_type=\"dyncontel-acf.default\"><p><b>3rd Edition | 2023<br \/><\/b><strong>29 SEP &gt; 7 OCT 2023<br \/><\/strong><strong>Bragan\u00e7a &#8211; Portugal<\/strong><\/p><div class=\"elementor-widget-container\"><div class=\"dynamic-content-for-elementor-acf\"><p class=\"translation-block\"><strong>The 3rd BRAGAN\u00c7A CLASSICFEST International Music Festival<\/strong> presents a program of artistic excellence, consolidating the path set in the 2021 and 2022 editions, which brought to Bragan\u00e7a the brilliance of renowned orchestras and musicians \u2013 such as the Vienna and St. Petersburg Chamber Orchestras, G\u00e9rard Causs\u00e9, Diana Tischenko, H\u00e9ctor del Curto, Mario Hossen, Lena Belkina, Marcelo Nisinman, among others \u2013 for memorable concerts sold out by an enthusiastic audience.<\/p><p class=\"translation-block\">In 2023, <strong>Bragan\u00e7a once again becomes the epicenter of classical music in Portugal<\/strong> for about two weeks, as is customary around World Music Day, October 1st, with an engaging program and the presence of nationally and internationally renowned musicians.<\/p><p class=\"translation-block\">Highlighting right from the start are the opening concerts of the BRAGAN\u00c7A CLASSICFEST with one of Spain\u2019s leading orchestras, the <strong>Orquesta Sinf\u00f3nica del Principado de Asturias<\/strong> (OSPA). Under the direction of its Principal Conductor since 2022, the Portuguese <strong>Nuno Coelho<\/strong>, OSPA will present two concerts in the magnificent hall of the <strong>Teatro Municipal de Bragan\u00e7a<\/strong>, performing masterpieces of the musical heritage: Beethoven\u2019s 5th Symphony and Dvo\u0159\u00e1k\u2019s 9th Symphony, \u201cFrom the New World.\u201d<\/p><p class=\"translation-block\">An extraordinary opportunity to also hear two landmark concert works by Mozart and Tchaikovsky, featuring two outstanding soloists \u2013 violinist <strong>Esther Hoppe<\/strong> and cellist <strong>Christian Polt\u00e9ra<\/strong> \u2013 performing on magnificent instruments made by Antonio Stradivari (Stradivarius), born in Cremona in 1644 and considered by many the greatest maker\/<em>luthier<\/em> of all time.<\/p><p class=\"translation-block\">Also noteworthy in this edition of BRAGAN\u00c7A CLASSICFEST is the presence of two renowned musicians, particularly in the world of wind instruments: the celebrated French clarinetist <strong>Pascal Moragu\u00e8s<\/strong>, Principal Soloist of the Orchestre de Paris and part of the global elite for four decades, and Portuguese flutist <strong>Adriana Ferreira<\/strong>, Principal Soloist of the Orchestra Nazionale di Santa Cecilia in Rome and prizewinner in major international competitions.<\/p><p class=\"translation-block\">Another highlight of the 3rd BRAGAN\u00c7A CLASSICFEST is the Portuguese debut of soprano <strong>Julia Muzychenko<\/strong>, a rising star on the global opera scene, laureate of major international singing competitions, including the Clermont Ferrand Opera Competition (1st Prize), the Montserrat Caball\u00e9 Competition (2nd Prize), and the Queen Elisabeth Competition in Belgium (3rd Prize).<\/p><p>In 2023, BRAGAN\u00c7A CLASSICFEST also continues to serve as a stage for young and talented Portuguese musicians at the beginning of their careers, some of whom are based abroad and thus return and maintain a strong connection with Portugal.<\/p><p class=\"translation-block\">The musical repertoire of this 3rd edition spans four centuries, from the Baroque of <strong>Johann Sebastian Bach<\/strong> to 21st-century music by the Argentine composer <strong>Osvaldo Golijov<\/strong>, encompassing the great composers of Classical and Romantic music, as well as 20th-century music, notably Spanish music by <strong>Joaqu\u00edn Turina<\/strong> and Portuguese music by <strong>Fernando Lopes-Gra\u00e7a<\/strong>.<\/p><p class=\"translation-block\">The Closing Concert of the 3rd BRAGAN\u00c7A CLASSICFEST is an excellent example of the stylistic and international variety of this edition's repertoire, culminating in the famous and festive <strong>\"Carnival of the Animals, Grand Zoological Fantasy\"<\/strong>, a humorous work composed by the French composer <strong>Camille Saint-Sa\u00ebns<\/strong> in 1886, which on this special occasion will feature narration by <strong>Jorge Vaz de Carvalho<\/strong> of humorous texts written by <strong>Ant\u00f3nio Mega Ferreira<\/strong>.<\/p><p class=\"translation-block\">Alongside the concerts, the 3rd BRAGAN\u00c7A CLASSICFEST continues its important <strong>educational and cultural awareness axis<\/strong>, inaugurated in the 2022 edition, with the organization of <em>masterclasses<\/em> and meetings, featuring the participation of the artists present at the festival and specially aimed at musicians and students from the city and the region.<\/p><p class=\"translation-block\">An important hallmark of BRAGAN\u00c7A CLASSICFEST, since its 1st edition, is the staging of concerts in spaces of great heritage value, as happens in 2023 at the Churches of S\u00e3o Francisco, S\u00e9 Velha, and Santa Maria, in a salutary <strong>crossing between Music and the Historical, Cultural, and Architectural Heritage<\/strong> of the Bragan\u00e7a region.<\/p><p class=\"translation-block\">This 3rd edition of <strong>BRAGAN\u00c7A CLASSICFEST<\/strong> thus aims to consolidate the festival as a <strong>cultural event of excellence, on a national and international scale<\/strong>, contributing to the dynamism and prosperity of the region and promoting universal access to Culture and the celebration of community life, through the extraordinary universal language that is Music.<\/p><p class=\"translation-block\">My heartfelt thanks to all who make possible the realization of the <strong>BRAGAN\u00c7A CLASSICFEST International Music Festival<\/strong>, beginning with the fundamental support of the <strong>Bragan\u00e7a City Council<\/strong>, the <strong>Bragan\u00e7a Municipal Theatre<\/strong>, and the <strong>DSCH Musical Association<\/strong>, promoters and organizers of this commendable initiative, as well as the festival\u2019s principal patron, <strong>BPI\/Funda\u00e7\u00e3o \u201cla Caixa\u201d<\/strong>.<\/p><p class=\"translation-block\">I also extend my thanks to the <strong>Directorate-General for the Arts<\/strong>, the <strong>Diocese of Miranda-Bragan\u00e7a<\/strong>, our media partner <strong>RTP Antena 2<\/strong>, and especially to <strong>His Excellency the President of the Republic<\/strong>, for once again granting the High Patronage.<\/p><\/div><\/div><\/div><p style=\"text-align: right;\"><b>Filipe Pinto-Ribeiro<\/b><b><br \/><\/b>Artistic Director of the BRAGAN\u00c7A CLASSIC FEST International Music Festival<\/p><p>More information:\u00a0<a href=\"http:\/\/classicfest.pt\/\" data-wplink-edit=\"true\">classicfest.pt<\/a><\/p><\/div>\t\t\t\t\t\t\t\t<\/div>\n\t\t\t\t<\/div>\n\t\t\t\t<div class=\"elementor-element elementor-element-56c5fd5 elementor-shape-circle e-grid-align-left elementor-grid-0 elementor-widget elementor-widget-social-icons\" data-id=\"56c5fd5\" data-element_type=\"widget\" data-e-type=\"widget\" data-widget_type=\"social-icons.default\">\n\t\t\t\t<div class=\"elementor-widget-container\">\n\t\t\t\t\t\t\t<div class=\"elementor-social-icons-wrapper elementor-grid\" role=\"list\">\n\t\t\t\t\t\t\t<span class=\"elementor-grid-item\" role=\"listitem\">\n\t\t\t\t\t<a class=\"elementor-icon elementor-social-icon elementor-social-icon-facebook elementor-repeater-item-e267b2b\" href=\"https:\/\/www.facebook.com\/bragancaclassicfest\" target=\"_blank\">\n\t\t\t\t\t\t<span class=\"elementor-screen-only\">Facebook<\/span>\n\t\t\t\t\t\t<i aria-hidden=\"true\" class=\"fab fa-facebook\"><\/i>\t\t\t\t\t<\/a>\n\t\t\t\t<\/span>\n\t\t\t\t\t\t\t<span class=\"elementor-grid-item\" role=\"listitem\">\n\t\t\t\t\t<a class=\"elementor-icon elementor-social-icon elementor-social-icon-instagram elementor-repeater-item-75ec5b8\" href=\"https:\/\/www.instagram.com\/festivalbraganca\/\" target=\"_blank\">\n\t\t\t\t\t\t<span class=\"elementor-screen-only\">Instagram<\/span>\n\t\t\t\t\t\t<i aria-hidden=\"true\" class=\"fab fa-instagram\"><\/i>\t\t\t\t\t<\/a>\n\t\t\t\t<\/span>\n\t\t\t\t\t\t\t<span class=\"elementor-grid-item\" role=\"listitem\">\n\t\t\t\t\t<a class=\"elementor-icon elementor-social-icon elementor-social-icon-youtube elementor-repeater-item-f4cb2ec\" href=\"https:\/\/www.youtube.com\/@Bragan%C3%A7aClassicFest\" target=\"_blank\">\n\t\t\t\t\t\t<span class=\"elementor-screen-only\">Youtube<\/span>\n\t\t\t\t\t\t<i aria-hidden=\"true\" class=\"fab fa-youtube\"><\/i>\t\t\t\t\t<\/a>\n\t\t\t\t<\/span>\n\t\t\t\t\t\t\t<span class=\"elementor-grid-item\" role=\"listitem\">\n\t\t\t\t\t<a class=\"elementor-icon elementor-social-icon elementor-social-icon-envelope elementor-repeater-item-ae7b6a3\" href=\"mailto:info@classicfest.pt\" target=\"_blank\">\n\t\t\t\t\t\t<span class=\"elementor-screen-only\">Envelope<\/span>\n\t\t\t\t\t\t<i aria-hidden=\"true\" class=\"fas fa-envelope\"><\/i>\t\t\t\t\t<\/a>\n\t\t\t\t<\/span>\n\t\t\t\t\t\t\t<span class=\"elementor-grid-item\" role=\"listitem\">\n\t\t\t\t\t<a class=\"elementor-icon elementor-social-icon elementor-social-icon-globe elementor-repeater-item-3977b49\" href=\"http:\/\/classicfest.pt\/\" target=\"_blank\">\n\t\t\t\t\t\t<span class=\"elementor-screen-only\">Globe<\/span>\n\t\t\t\t\t\t<i aria-hidden=\"true\" class=\"fas fa-globe\"><\/i>\t\t\t\t\t<\/a>\n\t\t\t\t<\/span>\n\t\t\t\t\t<\/div>\n\t\t\t\t\t\t<\/div>\n\t\t\t\t<\/div>\n\t\t\t\t\t<\/div>\n\t\t<\/div>\n\t\t\t\t\t<\/div>\n\t\t<\/section>\n\t\t\t\t\t<\/div>\n\t\t<\/div>\n\t\t\t\t\t<\/div>\n\t\t<\/section>\n\t\t\t\t<\/div>","protected":false},"excerpt":{"rendered":"<p>O 3\u00ba Festival Internacional de M\u00fasica BRAGAN\u00c7A CLASSICFEST apresenta um programa de excel\u00eancia art\u00edstica, consolidando&#8230;<\/p>","protected":false},"author":3,"featured_media":723,"comment_status":"closed","ping_status":"open","sticky":false,"template":"elementor_header_footer","format":"standard","meta":{"footnotes":""},"categories":[26],"tags":[],"class_list":["post-2810","post","type-post","status-publish","format-standard","has-post-thumbnail","hentry","category-26"],"aioseo_notices":[],"_links":{"self":[{"href":"https:\/\/dsch.pt\/en\/wp-json\/wp\/v2\/posts\/2810","targetHints":{"allow":["GET"]}}],"collection":[{"href":"https:\/\/dsch.pt\/en\/wp-json\/wp\/v2\/posts"}],"about":[{"href":"https:\/\/dsch.pt\/en\/wp-json\/wp\/v2\/types\/post"}],"author":[{"embeddable":true,"href":"https:\/\/dsch.pt\/en\/wp-json\/wp\/v2\/users\/3"}],"replies":[{"embeddable":true,"href":"https:\/\/dsch.pt\/en\/wp-json\/wp\/v2\/comments?post=2810"}],"version-history":[{"count":8,"href":"https:\/\/dsch.pt\/en\/wp-json\/wp\/v2\/posts\/2810\/revisions"}],"predecessor-version":[{"id":3469,"href":"https:\/\/dsch.pt\/en\/wp-json\/wp\/v2\/posts\/2810\/revisions\/3469"}],"wp:featuredmedia":[{"embeddable":true,"href":"https:\/\/dsch.pt\/en\/wp-json\/wp\/v2\/media\/723"}],"wp:attachment":[{"href":"https:\/\/dsch.pt\/en\/wp-json\/wp\/v2\/media?parent=2810"}],"wp:term":[{"taxonomy":"category","embeddable":true,"href":"https:\/\/dsch.pt\/en\/wp-json\/wp\/v2\/categories?post=2810"},{"taxonomy":"post_tag","embeddable":true,"href":"https:\/\/dsch.pt\/en\/wp-json\/wp\/v2\/tags?post=2810"}],"curies":[{"name":"wp","href":"https:\/\/api.w.org\/{rel}","templated":true}]}}