{"id":2842,"date":"2022-12-05T09:32:24","date_gmt":"2022-12-05T09:32:24","guid":{"rendered":"https:\/\/dsch.pt\/?p=2842"},"modified":"2026-01-15T16:24:28","modified_gmt":"2026-01-15T16:24:28","slug":"verao-classico-on-tour-22","status":"publish","type":"post","link":"https:\/\/dsch.pt\/en\/verao-classico-on-tour-22\/","title":{"rendered":"Ver\u00e3o Cl\u00e1ssico on tour &#8217;22"},"content":{"rendered":"<div data-elementor-type=\"wp-post\" data-elementor-id=\"2842\" class=\"elementor elementor-2842\">\n\t\t\t\t\t\t<section class=\"elementor-section elementor-top-section elementor-element elementor-element-07fe7d1 elementor-section-stretched elementor-section-boxed elementor-section-height-default elementor-section-height-default\" data-id=\"07fe7d1\" data-element_type=\"section\" data-e-type=\"section\" data-settings=\"{&quot;stretch_section&quot;:&quot;section-stretched&quot;,&quot;background_background&quot;:&quot;classic&quot;}\">\n\t\t\t\t\t\t<div class=\"elementor-container elementor-column-gap-no\">\n\t\t\t\t\t<div class=\"elementor-column elementor-col-100 elementor-top-column elementor-element elementor-element-6af34fa elementor-invisible\" data-id=\"6af34fa\" data-element_type=\"column\" data-e-type=\"column\" data-settings=\"{&quot;background_background&quot;:&quot;classic&quot;,&quot;animation&quot;:&quot;fadeInLeft&quot;}\">\n\t\t\t<div class=\"elementor-widget-wrap elementor-element-populated\">\n\t\t\t\t\t\t<div class=\"elementor-element elementor-element-9e29c5e elementor-widget elementor-widget-tl-post-title\" data-id=\"9e29c5e\" data-element_type=\"widget\" data-e-type=\"widget\" data-widget_type=\"tl-post-title.default\">\n\t\t\t\t<div class=\"elementor-widget-container\">\n\t\t\t\t\t<h2 class=\"templately-heading-title\">Ver\u00e3o Cl\u00e1ssico on tour &#8217;22<\/h2>\t\t\t\t<\/div>\n\t\t\t\t<\/div>\n\t\t\t\t\t<\/div>\n\t\t<\/div>\n\t\t\t\t\t<\/div>\n\t\t<\/section>\n\t\t\t\t<section class=\"elementor-section elementor-top-section elementor-element elementor-element-1c2f925e elementor-section-stretched elementor-section-boxed elementor-section-height-default elementor-section-height-default\" data-id=\"1c2f925e\" data-element_type=\"section\" data-e-type=\"section\" data-settings=\"{&quot;stretch_section&quot;:&quot;section-stretched&quot;}\">\n\t\t\t\t\t\t<div class=\"elementor-container elementor-column-gap-no\">\n\t\t\t\t\t<div class=\"elementor-column elementor-col-33 elementor-top-column elementor-element elementor-element-1dd781ee elementor-invisible\" data-id=\"1dd781ee\" data-element_type=\"column\" data-e-type=\"column\" data-settings=\"{&quot;background_background&quot;:&quot;classic&quot;,&quot;animation&quot;:&quot;fadeInRight&quot;}\">\n\t\t\t<div class=\"elementor-widget-wrap elementor-element-populated\">\n\t\t\t\t\t\t<div class=\"elementor-element elementor-element-48179ca elementor-widget elementor-widget-tl-post-fatured-image\" data-id=\"48179ca\" data-element_type=\"widget\" data-e-type=\"widget\" data-widget_type=\"tl-post-fatured-image.default\">\n\t\t\t\t<div class=\"elementor-widget-container\">\n\t\t\t\t\t<img loading=\"lazy\" decoding=\"async\" width=\"1052\" height=\"1052\" src=\"https:\/\/dsch.pt\/wp-content\/uploads\/2024\/11\/1x1-Banner-VC22.jpg\" title=\"1&#215;1 &#8211; Banner VC22\" alt=\"\" class=\"attachment-full size-full wp-image-968\" srcset=\"https:\/\/dsch.pt\/wp-content\/uploads\/2024\/11\/1x1-Banner-VC22.jpg 1052w, https:\/\/dsch.pt\/wp-content\/uploads\/2024\/11\/1x1-Banner-VC22-300x300.jpg 300w, https:\/\/dsch.pt\/wp-content\/uploads\/2024\/11\/1x1-Banner-VC22-1024x1024.jpg 1024w, https:\/\/dsch.pt\/wp-content\/uploads\/2024\/11\/1x1-Banner-VC22-150x150.jpg 150w, https:\/\/dsch.pt\/wp-content\/uploads\/2024\/11\/1x1-Banner-VC22-768x768.jpg 768w, https:\/\/dsch.pt\/wp-content\/uploads\/2024\/11\/1x1-Banner-VC22-600x600.jpg 600w\" sizes=\"auto, (max-width: 1052px) 100vw, 1052px\" \/>\t\t\t\t<\/div>\n\t\t\t\t<\/div>\n\t\t\t\t\t<\/div>\n\t\t<\/div>\n\t\t\t\t<div class=\"elementor-column elementor-col-66 elementor-top-column elementor-element elementor-element-72d355ee elementor-invisible\" data-id=\"72d355ee\" data-element_type=\"column\" data-e-type=\"column\" data-settings=\"{&quot;background_background&quot;:&quot;classic&quot;,&quot;animation&quot;:&quot;fadeInLeft&quot;}\">\n\t\t\t<div class=\"elementor-widget-wrap elementor-element-populated\">\n\t\t\t\t\t\t<section class=\"elementor-section elementor-inner-section elementor-element elementor-element-3b5b279f elementor-section-boxed elementor-section-height-default elementor-section-height-default\" data-id=\"3b5b279f\" data-element_type=\"section\" data-e-type=\"section\" data-settings=\"{&quot;background_background&quot;:&quot;classic&quot;}\">\n\t\t\t\t\t\t<div class=\"elementor-container elementor-column-gap-wider\">\n\t\t\t\t\t<div class=\"elementor-column elementor-col-100 elementor-inner-column elementor-element elementor-element-1d841b63\" data-id=\"1d841b63\" data-element_type=\"column\" data-e-type=\"column\">\n\t\t\t<div class=\"elementor-widget-wrap elementor-element-populated\">\n\t\t\t\t\t\t<div class=\"elementor-element elementor-element-a5d5657 eael-infobox-content-align--left eael-infobox-icon-bg-shape-none eael-infobox-icon-hover-bg-shape-none elementor-widget elementor-widget-eael-info-box\" data-id=\"a5d5657\" data-element_type=\"widget\" data-e-type=\"widget\" data-widget_type=\"eael-info-box.default\">\n\t\t\t\t<div class=\"elementor-widget-container\">\n\t\t\t\t\t        <div class=\"eael-infobox icon-on-left\">\n\t            <div class=\"infobox-icon eael-icon-only\">\n\n            \n                            <div class=\"infobox-icon-wrap\">\n                    <i aria-hidden=\"true\" class=\"far fa-calendar-alt\"><\/i>                <\/div>\n            \n            \n        <\/div>\n            <div class=\"infobox-content eael-icon-only\">\n                    <div class=\"infobox-title-section\">\n                <h6 class=\"title\">5 december 2022<\/h6>            <\/div>\n                    <\/div>\n            <\/div>\n\n\t\t\t\t\t\t<\/div>\n\t\t\t\t<\/div>\n\t\t\t\t<div class=\"elementor-element elementor-element-1968efa9 elementor-widget elementor-widget-text-editor\" data-id=\"1968efa9\" data-element_type=\"widget\" data-e-type=\"widget\" data-widget_type=\"text-editor.default\">\n\t\t\t\t<div class=\"elementor-widget-container\">\n\t\t\t\t\t\t\t\t\t<div class=\"elementor-element elementor-element-5256158 align-dce-justify elementor-widget elementor-widget-dyncontel-acf\" data-id=\"5256158\" data-element_type=\"widget\" data-settings=\"{&quot;acf_field_list&quot;:&quot;texto_topo&quot;,&quot;acf_type&quot;:&quot;text&quot;}\" data-widget_type=\"dyncontel-acf.default\"><div class=\"elementor-element elementor-element-23aa9167 align-dce-justify elementor-widget elementor-widget-dyncontel-acf\" data-id=\"23aa9167\" data-element_type=\"widget\" data-settings=\"{&quot;acf_field_list&quot;:&quot;texto_topo&quot;,&quot;acf_type&quot;:&quot;text&quot;}\" data-widget_type=\"dyncontel-acf.default\"><p><strong>VER\u00c3O CL\u00c1SSICO <em>on tour<\/em> 202<\/strong><strong>2<\/strong><\/p><p><strong>Aveiro<\/strong><strong>,\u00a0<\/strong><strong>Espinho<\/strong><strong>\u00a0and Vigo<br \/><\/strong><strong>1<\/strong><strong>4<\/strong><strong>\u00a0a 1<\/strong><strong>6<\/strong><strong>\u00a0de dezembro de 202<\/strong><strong>2<\/strong><\/p><p><span class=\"TextoJustificado BlackText TextoBio\">Artistic Director: Filipe Pinto-Ribeiro<\/span><\/p><p class=\"translation-block\">The <em>VER\u00c3O CL\u00c1SSICO on tour<\/em> is an initiative aimed at bringing the musical excellence of the VER\u00c3O CL\u00c1SSICO Festival and Academy, held annually in Lisbon since 2015, to various cities in Portugal and abroad, through concerts and masterclasses.<\/p><p>The VER\u00c3O CL\u00c1SSICO Festival and Academy is considered both nationally and internationally one of the most important and sought-after summer festivals and academies. With its dual performance and educational focus, VER\u00c3O CL\u00c1SSICO annually presents concerts and masterclasses in Lisbon, led by musicians and professors from some of the world\u2019s most prestigious educational institutions, as well as soloists from leading orchestras, including the Conservatories and Music Schools of Berlin, Moscow, Paris, London, Brussels, Boston, Oslo, Cologne, Geneva, Lausanne, and Madrid, and orchestras such as the Berlin Philharmonic, Concertgebouw Amsterdam, Bavarian Radio Orchestra, and Orchestre de Paris, among others.\u00a0<\/p><p>Among the renowned musicians who have collaborated with VER\u00c3O CL\u00c1SSICO since its foundation are Gary Hoffman, Pascal Moragu\u00e8s, Imogen Cooper, Emily Beynon, Radek Babor\u00e1k, Eldar Nebolsin, Mihaela Martin, Frans Helmerson, Benjamin Schmid, Stephan Picard, Miguel da Silva, G\u00e9rard Causs\u00e9, Veronika Hagen, Adrian Brendel, Janne Saksala, Matthew MacDonald, Jack Liebeck, Ram\u00f3n Ortega-Quero, Nicholas Daniel, Silvia Careddu, and Anna Samuil.\u00a0<\/p><p>Over eight editions, more than 1,000 young musicians from dozens of nationalities have participated in VER\u00c3O CL\u00c1SSICO, several of whom have been awarded the VER\u00c3O CL\u00c1SSICO Prizes, offering them concert opportunities within festivals and music seasons in Portugal.\u00a0<\/p><p>VER\u00c3O CL\u00c1SSICO thus promotes the training and public performance of young talents, encouraging and supporting them in building their careers while simultaneously fostering cultural exchange among participants of diverse nationalities. For Portuguese students, it provides a platform within their own country to develop their artistic level and offers an exceptional opportunity to learn from some of the world\u2019s most prestigious international professors, leading authorities on their instruments.<\/p><p>The VER\u00c3O CL\u00c1SSICO Festival and Academy was created by pianist Filipe Pinto-Ribeiro, who serves as its artistic and pedagogical director.<\/p><p>The 9th edition of the VER\u00c3O CL\u00c1SSICO Festival and Academy will take place from 17 to 29 July 2023, in Lisbon.<\/p><\/div><p><strong>Concerts:<\/strong><\/p><p>14.12.2022, 17:30: Universidade de Aveiro, DeCA<br \/>15.12.2022, 21:30: Audit\u00f3rio de Espinho<br \/>16.12.2022, 20:00: Audit\u00f3rio Mart\u00edn C\u00f3dax, Vigo<\/p><p><strong>Masterclasses:<\/strong><\/p><p>15.12.2022: Universidade de Aveiro, DeCA<br \/>15.12.2022: Academia de Espinho<br \/>16.12.2022: Conservat\u00f3rio Superior de M\u00fasica de Vigo<\/p><\/div>\t\t\t\t\t\t\t\t<\/div>\n\t\t\t\t<\/div>\n\t\t\t\t<div class=\"elementor-element elementor-element-56c5fd5 elementor-shape-circle e-grid-align-left elementor-grid-0 elementor-widget elementor-widget-social-icons\" data-id=\"56c5fd5\" data-element_type=\"widget\" data-e-type=\"widget\" data-widget_type=\"social-icons.default\">\n\t\t\t\t<div class=\"elementor-widget-container\">\n\t\t\t\t\t\t\t<div class=\"elementor-social-icons-wrapper elementor-grid\" role=\"list\">\n\t\t\t\t\t\t\t<span class=\"elementor-grid-item\" role=\"listitem\">\n\t\t\t\t\t<a class=\"elementor-icon elementor-social-icon elementor-social-icon-facebook elementor-repeater-item-e267b2b\" href=\"https:\/\/www.facebook.com\/VeraoClassico\" target=\"_blank\">\n\t\t\t\t\t\t<span class=\"elementor-screen-only\">Facebook<\/span>\n\t\t\t\t\t\t<i aria-hidden=\"true\" class=\"fab fa-facebook\"><\/i>\t\t\t\t\t<\/a>\n\t\t\t\t<\/span>\n\t\t\t\t\t\t\t<span class=\"elementor-grid-item\" role=\"listitem\">\n\t\t\t\t\t<a class=\"elementor-icon elementor-social-icon elementor-social-icon-instagram elementor-repeater-item-75ec5b8\" href=\"https:\/\/www.instagram.com\/veraoclassico\/\" target=\"_blank\">\n\t\t\t\t\t\t<span class=\"elementor-screen-only\">Instagram<\/span>\n\t\t\t\t\t\t<i aria-hidden=\"true\" class=\"fab fa-instagram\"><\/i>\t\t\t\t\t<\/a>\n\t\t\t\t<\/span>\n\t\t\t\t\t\t\t<span class=\"elementor-grid-item\" role=\"listitem\">\n\t\t\t\t\t<a class=\"elementor-icon elementor-social-icon elementor-social-icon-youtube elementor-repeater-item-f4cb2ec\" href=\"https:\/\/www.youtube.com\/@veraoclassico\" target=\"_blank\">\n\t\t\t\t\t\t<span class=\"elementor-screen-only\">Youtube<\/span>\n\t\t\t\t\t\t<i aria-hidden=\"true\" class=\"fab fa-youtube\"><\/i>\t\t\t\t\t<\/a>\n\t\t\t\t<\/span>\n\t\t\t\t\t\t\t<span class=\"elementor-grid-item\" role=\"listitem\">\n\t\t\t\t\t<a class=\"elementor-icon elementor-social-icon elementor-social-icon-envelope elementor-repeater-item-ae7b6a3\" href=\"mailto:info@veraoclassico.com\" target=\"_blank\">\n\t\t\t\t\t\t<span class=\"elementor-screen-only\">Envelope<\/span>\n\t\t\t\t\t\t<i aria-hidden=\"true\" class=\"fas fa-envelope\"><\/i>\t\t\t\t\t<\/a>\n\t\t\t\t<\/span>\n\t\t\t\t\t<\/div>\n\t\t\t\t\t\t<\/div>\n\t\t\t\t<\/div>\n\t\t\t\t\t<\/div>\n\t\t<\/div>\n\t\t\t\t\t<\/div>\n\t\t<\/section>\n\t\t\t\t\t<\/div>\n\t\t<\/div>\n\t\t\t\t\t<\/div>\n\t\t<\/section>\n\t\t\t\t<\/div>","protected":false},"excerpt":{"rendered":"<p>O VER\u00c3O CL\u00c1SSICO on tour \u00e9 uma iniciativa que tem como objetivo levar a excel\u00eancia musical do Festival e Academia VER\u00c3O CL\u00c1SSICO, que tem lugar&#8230;<\/p>","protected":false},"author":3,"featured_media":968,"comment_status":"closed","ping_status":"open","sticky":false,"template":"elementor_header_footer","format":"standard","meta":{"footnotes":""},"categories":[27],"tags":[],"class_list":["post-2842","post","type-post","status-publish","format-standard","has-post-thumbnail","hentry","category-27"],"aioseo_notices":[],"_links":{"self":[{"href":"https:\/\/dsch.pt\/en\/wp-json\/wp\/v2\/posts\/2842","targetHints":{"allow":["GET"]}}],"collection":[{"href":"https:\/\/dsch.pt\/en\/wp-json\/wp\/v2\/posts"}],"about":[{"href":"https:\/\/dsch.pt\/en\/wp-json\/wp\/v2\/types\/post"}],"author":[{"embeddable":true,"href":"https:\/\/dsch.pt\/en\/wp-json\/wp\/v2\/users\/3"}],"replies":[{"embeddable":true,"href":"https:\/\/dsch.pt\/en\/wp-json\/wp\/v2\/comments?post=2842"}],"version-history":[{"count":12,"href":"https:\/\/dsch.pt\/en\/wp-json\/wp\/v2\/posts\/2842\/revisions"}],"predecessor-version":[{"id":3472,"href":"https:\/\/dsch.pt\/en\/wp-json\/wp\/v2\/posts\/2842\/revisions\/3472"}],"wp:featuredmedia":[{"embeddable":true,"href":"https:\/\/dsch.pt\/en\/wp-json\/wp\/v2\/media\/968"}],"wp:attachment":[{"href":"https:\/\/dsch.pt\/en\/wp-json\/wp\/v2\/media?parent=2842"}],"wp:term":[{"taxonomy":"category","embeddable":true,"href":"https:\/\/dsch.pt\/en\/wp-json\/wp\/v2\/categories?post=2842"},{"taxonomy":"post_tag","embeddable":true,"href":"https:\/\/dsch.pt\/en\/wp-json\/wp\/v2\/tags?post=2842"}],"curies":[{"name":"wp","href":"https:\/\/api.w.org\/{rel}","templated":true}]}}