{"id":2868,"date":"2022-09-10T09:45:33","date_gmt":"2022-09-10T09:45:33","guid":{"rendered":"https:\/\/dsch.pt\/?p=2868"},"modified":"2026-01-15T16:25:29","modified_gmt":"2026-01-15T16:25:29","slug":"festival-internacional-de-musica-braganca-classicfest-22","status":"publish","type":"post","link":"https:\/\/dsch.pt\/en\/festival-internacional-de-musica-braganca-classicfest-22\/","title":{"rendered":"BRAGAN\u00c7A CLASSICFEST International Music Festival '22"},"content":{"rendered":"<div data-elementor-type=\"wp-post\" data-elementor-id=\"2868\" class=\"elementor elementor-2868\">\n\t\t\t\t\t\t<section class=\"elementor-section elementor-top-section elementor-element elementor-element-742a977 elementor-section-stretched elementor-section-boxed elementor-section-height-default elementor-section-height-default\" data-id=\"742a977\" data-element_type=\"section\" data-e-type=\"section\" data-settings=\"{&quot;stretch_section&quot;:&quot;section-stretched&quot;,&quot;background_background&quot;:&quot;classic&quot;}\">\n\t\t\t\t\t\t<div class=\"elementor-container elementor-column-gap-no\">\n\t\t\t\t\t<div class=\"elementor-column elementor-col-100 elementor-top-column elementor-element elementor-element-ca13f23 elementor-invisible\" data-id=\"ca13f23\" data-element_type=\"column\" data-e-type=\"column\" data-settings=\"{&quot;background_background&quot;:&quot;classic&quot;,&quot;animation&quot;:&quot;fadeInLeft&quot;}\">\n\t\t\t<div class=\"elementor-widget-wrap elementor-element-populated\">\n\t\t\t\t\t\t<div class=\"elementor-element elementor-element-acf7282 elementor-widget elementor-widget-tl-post-title\" data-id=\"acf7282\" data-element_type=\"widget\" data-e-type=\"widget\" data-widget_type=\"tl-post-title.default\">\n\t\t\t\t<div class=\"elementor-widget-container\">\n\t\t\t\t\t<h2 class=\"templately-heading-title\">BRAGAN\u00c7A CLASSICFEST International Music Festival '22<\/h2>\t\t\t\t<\/div>\n\t\t\t\t<\/div>\n\t\t\t\t\t<\/div>\n\t\t<\/div>\n\t\t\t\t\t<\/div>\n\t\t<\/section>\n\t\t\t\t<section class=\"elementor-section elementor-top-section elementor-element elementor-element-1c2f925e elementor-section-stretched elementor-section-boxed elementor-section-height-default elementor-section-height-default\" data-id=\"1c2f925e\" data-element_type=\"section\" data-e-type=\"section\" data-settings=\"{&quot;stretch_section&quot;:&quot;section-stretched&quot;}\">\n\t\t\t\t\t\t<div class=\"elementor-container elementor-column-gap-no\">\n\t\t\t\t\t<div class=\"elementor-column elementor-col-33 elementor-top-column elementor-element elementor-element-1dd781ee elementor-invisible\" data-id=\"1dd781ee\" data-element_type=\"column\" data-e-type=\"column\" data-settings=\"{&quot;background_background&quot;:&quot;classic&quot;,&quot;animation&quot;:&quot;fadeInRight&quot;}\">\n\t\t\t<div class=\"elementor-widget-wrap elementor-element-populated\">\n\t\t\t\t\t\t<div class=\"elementor-element elementor-element-722b620 elementor-widget elementor-widget-tl-post-fatured-image\" data-id=\"722b620\" data-element_type=\"widget\" data-e-type=\"widget\" data-widget_type=\"tl-post-fatured-image.default\">\n\t\t\t\t<div class=\"elementor-widget-container\">\n\t\t\t\t\t<img loading=\"lazy\" decoding=\"async\" width=\"1052\" height=\"1052\" src=\"https:\/\/dsch.pt\/wp-content\/uploads\/2024\/11\/1x1-Banner-BCF22.jpg\" title=\"1&#215;1 &#8211; Banner BCF22\" alt=\"\" class=\"attachment-full size-full wp-image-986\" srcset=\"https:\/\/dsch.pt\/wp-content\/uploads\/2024\/11\/1x1-Banner-BCF22.jpg 1052w, https:\/\/dsch.pt\/wp-content\/uploads\/2024\/11\/1x1-Banner-BCF22-300x300.jpg 300w, https:\/\/dsch.pt\/wp-content\/uploads\/2024\/11\/1x1-Banner-BCF22-1024x1024.jpg 1024w, https:\/\/dsch.pt\/wp-content\/uploads\/2024\/11\/1x1-Banner-BCF22-150x150.jpg 150w, https:\/\/dsch.pt\/wp-content\/uploads\/2024\/11\/1x1-Banner-BCF22-768x768.jpg 768w, https:\/\/dsch.pt\/wp-content\/uploads\/2024\/11\/1x1-Banner-BCF22-600x600.jpg 600w\" sizes=\"auto, (max-width: 1052px) 100vw, 1052px\" \/>\t\t\t\t<\/div>\n\t\t\t\t<\/div>\n\t\t\t\t\t<\/div>\n\t\t<\/div>\n\t\t\t\t<div class=\"elementor-column elementor-col-66 elementor-top-column elementor-element elementor-element-72d355ee elementor-invisible\" data-id=\"72d355ee\" data-element_type=\"column\" data-e-type=\"column\" data-settings=\"{&quot;background_background&quot;:&quot;classic&quot;,&quot;animation&quot;:&quot;fadeInLeft&quot;}\">\n\t\t\t<div class=\"elementor-widget-wrap elementor-element-populated\">\n\t\t\t\t\t\t<section class=\"elementor-section elementor-inner-section elementor-element elementor-element-3b5b279f elementor-section-boxed elementor-section-height-default elementor-section-height-default\" data-id=\"3b5b279f\" data-element_type=\"section\" data-e-type=\"section\" data-settings=\"{&quot;background_background&quot;:&quot;classic&quot;}\">\n\t\t\t\t\t\t<div class=\"elementor-container elementor-column-gap-wider\">\n\t\t\t\t\t<div class=\"elementor-column elementor-col-100 elementor-inner-column elementor-element elementor-element-1d841b63\" data-id=\"1d841b63\" data-element_type=\"column\" data-e-type=\"column\">\n\t\t\t<div class=\"elementor-widget-wrap elementor-element-populated\">\n\t\t\t\t\t\t<div class=\"elementor-element elementor-element-a5d5657 eael-infobox-content-align--left eael-infobox-icon-bg-shape-none eael-infobox-icon-hover-bg-shape-none elementor-widget elementor-widget-eael-info-box\" data-id=\"a5d5657\" data-element_type=\"widget\" data-e-type=\"widget\" data-widget_type=\"eael-info-box.default\">\n\t\t\t\t<div class=\"elementor-widget-container\">\n\t\t\t\t\t        <div class=\"eael-infobox icon-on-left\">\n\t            <div class=\"infobox-icon eael-icon-only\">\n\n            \n                            <div class=\"infobox-icon-wrap\">\n                    <i aria-hidden=\"true\" class=\"far fa-calendar-alt\"><\/i>                <\/div>\n            \n            \n        <\/div>\n            <div class=\"infobox-content eael-icon-only\">\n                    <div class=\"infobox-title-section\">\n                <h6 class=\"title\">10 September 2022<\/h6>            <\/div>\n                    <\/div>\n            <\/div>\n\n\t\t\t\t\t\t<\/div>\n\t\t\t\t<\/div>\n\t\t\t\t<div class=\"elementor-element elementor-element-1968efa9 elementor-widget elementor-widget-text-editor\" data-id=\"1968efa9\" data-element_type=\"widget\" data-e-type=\"widget\" data-widget_type=\"text-editor.default\">\n\t\t\t\t<div class=\"elementor-widget-container\">\n\t\t\t\t\t\t\t\t\t<div class=\"elementor-element elementor-element-5256158 align-dce-justify elementor-widget elementor-widget-dyncontel-acf\" data-id=\"5256158\" data-element_type=\"widget\" data-settings=\"{&quot;acf_field_list&quot;:&quot;texto_topo&quot;,&quot;acf_type&quot;:&quot;text&quot;}\" data-widget_type=\"dyncontel-acf.default\"><div class=\"elementor-element elementor-element-23aa9167 align-dce-justify elementor-widget elementor-widget-dyncontel-acf\" data-id=\"23aa9167\" data-element_type=\"widget\" data-settings=\"{&quot;acf_field_list&quot;:&quot;texto_topo&quot;,&quot;acf_type&quot;:&quot;text&quot;}\" data-widget_type=\"dyncontel-acf.default\"><p><b>2nd Edition | 2022<br \/><\/b><strong>30 SEP &gt; 9 OCT 2022<br \/><\/strong><strong>Bragan\u00e7a &#8211; Portugal<\/strong><\/p><div class=\"elementor-widget-container\"><div class=\"dynamic-content-for-elementor-acf\"><p class=\"translation-block\"><span class=\"TextoBio\">Welcome to the <strong>2nd edition of the Bragan\u00e7a ClassicFest International Music Festival<\/strong>!<\/span><\/p><p><span class=\"TextoBio\">In 2021, this internationally recognized festival was born in Bragan\u00e7a, a territory of undeniable historical and cultural significance in Portugal. Conceived and held during the tragic period marked by the COVID-19 pandemic, the 1st Bragan\u00e7a ClassicFest achieved immediate success and attracted large audiences, with concerts selling out in the magnificent Teatro Municipal de Bragan\u00e7a and other iconic Bragan\u00e7a venues, creating a healthy intersection of Music and Heritage.\n\nThis fortunate and memorable debut, praised both nationally and internationally, featured the presence and brilliance of artists of the highest caliber, setting a standard of excellence and paving the way for a future of new challenges, (re)discoveries, and enchantments.<\/span><\/p><p class=\"translation-block\"><span class=\"TextoBio\">The 2022 edition will bring to Bragan\u00e7a several ensembles and musicians from the international forefront, among which the prestigious <strong>Vienna Chamber Orchestra<\/strong> stands out. Equally noteworthy is the presence of several acclaimed musicians, such as the renowned French violist <strong>G\u00e9rard Causs\u00e9<\/strong>, accompanied by his legendary bow viola, built in 1560 by Gasparo da Sal\u00f2; the virtuoso bandone\u00f3n player and Argentine composer <strong>Marcelo Nisinman<\/strong>, the only student of Astor Piazzolla and a world reference in contemporary tango; the mezzo-soprano <strong>Lena Belkina<\/strong>, a highly awarded Ukrainian singer based in Vienna; and the Bulgarian violinist <strong>Mario Hossen<\/strong>, one of the greatest virtuosos and specialists in Paganini.<\/span><\/p><p class=\"translation-block\"><span class=\"TextoBio\">I also highlight the participation of young musicians, with special attention to the debut of the <strong>Juventus Ensemble<\/strong> and the return to Bragan\u00e7a ClassicFest of the violinist <strong>Diana Tishchenko<\/strong>, a rising international star, who, following the unforgettable performance of Vivaldi\u2019s Four Seasons in the festival\u2019s 1st edition, will perform in 2022 in a recital featuring works from the 19th to the 21st century, including the world premiere of \u201cThe Last Lullaby,\u201d composed by her compatriot <strong>Bohdan Sehin<\/strong>, one of today\u2019s leading Ukrainian composers.<\/span><\/p><p><span class=\"TextoBio\">The program for the 2nd Bragan\u00e7a ClassicFest will feature a varied and appealing repertoire, highlighting: the music of Mozart and Haydn, performed by the excellent Vienna Chamber Orchestra and renowned international soloists; masterpieces by key composers such as Schubert, Dvo\u0159\u00e1k, Debussy, Ravel, among others; arias from some of the most famous operas in history; the tangos of Piazzolla and Nisinman; and the presence of Portuguese music, with a performance of \u201cLla\u00e7os, Contradan\u00e7as e Descantes\u201d, a 2016 work by Eurico Carrapatoso, a composer from Tr\u00e1s-os-Montes, evoking the rich cultural imagery of the region.<\/span><\/p><p class=\"translation-block\"><span class=\"TextoBio\">The 2nd edition of Bragan\u00e7a ClassicFest thus reaffirms its vocation as an international cultural event of excellence in the city, region, and country, continuing its path of quality, rigor, and artistic sharing, promoting the universal access to Culture and celebrating community life through the extraordinary and unique universal language that is Music!<\/span><br><span class=\"TextoBio\">My heartfelt thanks go to all who make the International Music Festival Bragan\u00e7a ClassicFest possible, beginning with the invaluable support of the <strong>Municipality of Bragan\u00e7a<\/strong>, the <strong>Municipal Theatre of Bragan\u00e7a<\/strong>, and the <strong>DSCH Musical Association<\/strong>, promoters and organizers of this admirable initiative, and to the festival\u2019s main patron, <strong>BPI\/Funda\u00e7\u00e3o \u201cla Caixa\u201d<\/strong>. I also extend my gratitude to the <strong>Directorates-General for Arts and Higher Education<\/strong>, the <strong>Polytechnic Institute of Bragan\u00e7a<\/strong>, the <strong>Diocese of Miranda-Bragan\u00e7a<\/strong>, the media partner <strong>RTP Antena 2<\/strong>, and especially <strong>His Excellency the President of the Republic<\/strong>, for granting the High Patronage.<\/span><\/p><\/div><\/div><\/div><p style=\"text-align: right;\"><b>Filipe Pinto-Ribeiro<\/b><b><br \/><\/b>Artistic Director of the BRAGAN\u00c7A CLASSIC FEST International Music Festival<\/p><p>More information:\u00a0<a href=\"http:\/\/classicfest.pt\/\" data-wplink-edit=\"true\">classicfest.pt<\/a><\/p><\/div>\t\t\t\t\t\t\t\t<\/div>\n\t\t\t\t<\/div>\n\t\t\t\t<div class=\"elementor-element elementor-element-56c5fd5 elementor-shape-circle e-grid-align-left elementor-grid-0 elementor-widget elementor-widget-social-icons\" data-id=\"56c5fd5\" data-element_type=\"widget\" data-e-type=\"widget\" data-widget_type=\"social-icons.default\">\n\t\t\t\t<div class=\"elementor-widget-container\">\n\t\t\t\t\t\t\t<div class=\"elementor-social-icons-wrapper elementor-grid\" role=\"list\">\n\t\t\t\t\t\t\t<span class=\"elementor-grid-item\" role=\"listitem\">\n\t\t\t\t\t<a class=\"elementor-icon elementor-social-icon elementor-social-icon-facebook elementor-repeater-item-e267b2b\" href=\"https:\/\/www.facebook.com\/bragancaclassicfest\" target=\"_blank\">\n\t\t\t\t\t\t<span class=\"elementor-screen-only\">Facebook<\/span>\n\t\t\t\t\t\t<i aria-hidden=\"true\" class=\"fab fa-facebook\"><\/i>\t\t\t\t\t<\/a>\n\t\t\t\t<\/span>\n\t\t\t\t\t\t\t<span class=\"elementor-grid-item\" role=\"listitem\">\n\t\t\t\t\t<a class=\"elementor-icon elementor-social-icon elementor-social-icon-instagram elementor-repeater-item-75ec5b8\" href=\"https:\/\/www.instagram.com\/festivalbraganca\/\" target=\"_blank\">\n\t\t\t\t\t\t<span class=\"elementor-screen-only\">Instagram<\/span>\n\t\t\t\t\t\t<i aria-hidden=\"true\" class=\"fab fa-instagram\"><\/i>\t\t\t\t\t<\/a>\n\t\t\t\t<\/span>\n\t\t\t\t\t\t\t<span class=\"elementor-grid-item\" role=\"listitem\">\n\t\t\t\t\t<a class=\"elementor-icon elementor-social-icon elementor-social-icon-youtube elementor-repeater-item-f4cb2ec\" href=\"https:\/\/www.youtube.com\/@Bragan%C3%A7aClassicFest\" target=\"_blank\">\n\t\t\t\t\t\t<span class=\"elementor-screen-only\">Youtube<\/span>\n\t\t\t\t\t\t<i aria-hidden=\"true\" class=\"fab fa-youtube\"><\/i>\t\t\t\t\t<\/a>\n\t\t\t\t<\/span>\n\t\t\t\t\t\t\t<span class=\"elementor-grid-item\" role=\"listitem\">\n\t\t\t\t\t<a class=\"elementor-icon elementor-social-icon elementor-social-icon-envelope elementor-repeater-item-ae7b6a3\" href=\"mailto:info@classicfest.pt\" target=\"_blank\">\n\t\t\t\t\t\t<span class=\"elementor-screen-only\">Envelope<\/span>\n\t\t\t\t\t\t<i aria-hidden=\"true\" class=\"fas fa-envelope\"><\/i>\t\t\t\t\t<\/a>\n\t\t\t\t<\/span>\n\t\t\t\t\t\t\t<span class=\"elementor-grid-item\" role=\"listitem\">\n\t\t\t\t\t<a class=\"elementor-icon elementor-social-icon elementor-social-icon-globe elementor-repeater-item-3977b49\" href=\"http:\/\/classicfest.pt\/\" target=\"_blank\">\n\t\t\t\t\t\t<span class=\"elementor-screen-only\">Globe<\/span>\n\t\t\t\t\t\t<i aria-hidden=\"true\" class=\"fas fa-globe\"><\/i>\t\t\t\t\t<\/a>\n\t\t\t\t<\/span>\n\t\t\t\t\t<\/div>\n\t\t\t\t\t\t<\/div>\n\t\t\t\t<\/div>\n\t\t\t\t\t<\/div>\n\t\t<\/div>\n\t\t\t\t\t<\/div>\n\t\t<\/section>\n\t\t\t\t\t<\/div>\n\t\t<\/div>\n\t\t\t\t\t<\/div>\n\t\t<\/section>\n\t\t\t\t<\/div>","protected":false},"excerpt":{"rendered":"<p>Bem-vindos \u00e0 2.\u00aa edi\u00e7\u00e3o do Festival Internacional de M\u00fasica Bragan\u00e7a ClassicFest! 2021 viu nascer este festival de reconhecida dimens\u00e3o internacional em Bragan\u00e7a&#8230;<\/p>","protected":false},"author":3,"featured_media":986,"comment_status":"closed","ping_status":"open","sticky":false,"template":"elementor_header_footer","format":"standard","meta":{"footnotes":""},"categories":[27],"tags":[],"class_list":["post-2868","post","type-post","status-publish","format-standard","has-post-thumbnail","hentry","category-27"],"aioseo_notices":[],"_links":{"self":[{"href":"https:\/\/dsch.pt\/en\/wp-json\/wp\/v2\/posts\/2868","targetHints":{"allow":["GET"]}}],"collection":[{"href":"https:\/\/dsch.pt\/en\/wp-json\/wp\/v2\/posts"}],"about":[{"href":"https:\/\/dsch.pt\/en\/wp-json\/wp\/v2\/types\/post"}],"author":[{"embeddable":true,"href":"https:\/\/dsch.pt\/en\/wp-json\/wp\/v2\/users\/3"}],"replies":[{"embeddable":true,"href":"https:\/\/dsch.pt\/en\/wp-json\/wp\/v2\/comments?post=2868"}],"version-history":[{"count":8,"href":"https:\/\/dsch.pt\/en\/wp-json\/wp\/v2\/posts\/2868\/revisions"}],"predecessor-version":[{"id":3481,"href":"https:\/\/dsch.pt\/en\/wp-json\/wp\/v2\/posts\/2868\/revisions\/3481"}],"wp:featuredmedia":[{"embeddable":true,"href":"https:\/\/dsch.pt\/en\/wp-json\/wp\/v2\/media\/986"}],"wp:attachment":[{"href":"https:\/\/dsch.pt\/en\/wp-json\/wp\/v2\/media?parent=2868"}],"wp:term":[{"taxonomy":"category","embeddable":true,"href":"https:\/\/dsch.pt\/en\/wp-json\/wp\/v2\/categories?post=2868"},{"taxonomy":"post_tag","embeddable":true,"href":"https:\/\/dsch.pt\/en\/wp-json\/wp\/v2\/tags?post=2868"}],"curies":[{"name":"wp","href":"https:\/\/api.w.org\/{rel}","templated":true}]}}