{"id":2881,"date":"2022-02-18T09:54:15","date_gmt":"2022-02-18T09:54:15","guid":{"rendered":"https:\/\/dsch.pt\/?p=2881"},"modified":"2026-01-15T12:26:08","modified_gmt":"2026-01-15T12:26:08","slug":"festival-academia-verao-classico-22","status":"publish","type":"post","link":"https:\/\/dsch.pt\/en\/festival-academia-verao-classico-22\/","title":{"rendered":"Festival &amp; Academy Ver\u00e3o Cl\u00e1ssico \u201922"},"content":{"rendered":"<div data-elementor-type=\"wp-post\" data-elementor-id=\"2881\" class=\"elementor elementor-2881\">\n\t\t\t\t\t\t<section class=\"elementor-section elementor-top-section elementor-element elementor-element-bbf21d2 elementor-section-stretched elementor-section-boxed elementor-section-height-default elementor-section-height-default\" data-id=\"bbf21d2\" data-element_type=\"section\" data-e-type=\"section\" data-settings=\"{&quot;stretch_section&quot;:&quot;section-stretched&quot;,&quot;background_background&quot;:&quot;classic&quot;}\">\n\t\t\t\t\t\t<div class=\"elementor-container elementor-column-gap-no\">\n\t\t\t\t\t<div class=\"elementor-column elementor-col-100 elementor-top-column elementor-element elementor-element-10d536a elementor-invisible\" data-id=\"10d536a\" data-element_type=\"column\" data-e-type=\"column\" data-settings=\"{&quot;background_background&quot;:&quot;classic&quot;,&quot;animation&quot;:&quot;fadeInLeft&quot;}\">\n\t\t\t<div class=\"elementor-widget-wrap elementor-element-populated\">\n\t\t\t\t\t\t<div class=\"elementor-element elementor-element-b0ce303 elementor-widget elementor-widget-tl-post-title\" data-id=\"b0ce303\" data-element_type=\"widget\" data-e-type=\"widget\" data-widget_type=\"tl-post-title.default\">\n\t\t\t\t<div class=\"elementor-widget-container\">\n\t\t\t\t\t<h2 class=\"templately-heading-title\">Festival &amp; Academy Ver\u00e3o Cl\u00e1ssico \u201922<\/h2>\t\t\t\t<\/div>\n\t\t\t\t<\/div>\n\t\t\t\t\t<\/div>\n\t\t<\/div>\n\t\t\t\t\t<\/div>\n\t\t<\/section>\n\t\t\t\t<section class=\"elementor-section elementor-top-section elementor-element elementor-element-1c2f925e elementor-section-stretched elementor-section-boxed elementor-section-height-default elementor-section-height-default\" data-id=\"1c2f925e\" data-element_type=\"section\" data-e-type=\"section\" data-settings=\"{&quot;stretch_section&quot;:&quot;section-stretched&quot;}\">\n\t\t\t\t\t\t<div class=\"elementor-container elementor-column-gap-no\">\n\t\t\t\t\t<div class=\"elementor-column elementor-col-33 elementor-top-column elementor-element elementor-element-1dd781ee elementor-invisible\" data-id=\"1dd781ee\" data-element_type=\"column\" data-e-type=\"column\" data-settings=\"{&quot;background_background&quot;:&quot;classic&quot;,&quot;animation&quot;:&quot;fadeInRight&quot;}\">\n\t\t\t<div class=\"elementor-widget-wrap elementor-element-populated\">\n\t\t\t\t\t\t<div class=\"elementor-element elementor-element-48179ca elementor-widget elementor-widget-tl-post-fatured-image\" data-id=\"48179ca\" data-element_type=\"widget\" data-e-type=\"widget\" data-widget_type=\"tl-post-fatured-image.default\">\n\t\t\t\t<div class=\"elementor-widget-container\">\n\t\t\t\t\t<img loading=\"lazy\" decoding=\"async\" width=\"1080\" height=\"1080\" src=\"https:\/\/dsch.pt\/wp-content\/uploads\/2024\/11\/Banner-VC22.jpeg\" title=\"Banner VC22\" alt=\"\" class=\"attachment-full size-full wp-image-1005\" srcset=\"https:\/\/dsch.pt\/wp-content\/uploads\/2024\/11\/Banner-VC22.jpeg 1080w, https:\/\/dsch.pt\/wp-content\/uploads\/2024\/11\/Banner-VC22-300x300.jpeg 300w, https:\/\/dsch.pt\/wp-content\/uploads\/2024\/11\/Banner-VC22-1024x1024.jpeg 1024w, https:\/\/dsch.pt\/wp-content\/uploads\/2024\/11\/Banner-VC22-150x150.jpeg 150w, https:\/\/dsch.pt\/wp-content\/uploads\/2024\/11\/Banner-VC22-768x768.jpeg 768w, https:\/\/dsch.pt\/wp-content\/uploads\/2024\/11\/Banner-VC22-600x600.jpeg 600w\" sizes=\"auto, (max-width: 1080px) 100vw, 1080px\" \/>\t\t\t\t<\/div>\n\t\t\t\t<\/div>\n\t\t\t\t\t<\/div>\n\t\t<\/div>\n\t\t\t\t<div class=\"elementor-column elementor-col-66 elementor-top-column elementor-element elementor-element-72d355ee elementor-invisible\" data-id=\"72d355ee\" data-element_type=\"column\" data-e-type=\"column\" data-settings=\"{&quot;background_background&quot;:&quot;classic&quot;,&quot;animation&quot;:&quot;fadeInLeft&quot;}\">\n\t\t\t<div class=\"elementor-widget-wrap elementor-element-populated\">\n\t\t\t\t\t\t<section class=\"elementor-section elementor-inner-section elementor-element elementor-element-3b5b279f elementor-section-boxed elementor-section-height-default elementor-section-height-default\" data-id=\"3b5b279f\" data-element_type=\"section\" data-e-type=\"section\" data-settings=\"{&quot;background_background&quot;:&quot;classic&quot;}\">\n\t\t\t\t\t\t<div class=\"elementor-container elementor-column-gap-wider\">\n\t\t\t\t\t<div class=\"elementor-column elementor-col-100 elementor-inner-column elementor-element elementor-element-1d841b63\" data-id=\"1d841b63\" data-element_type=\"column\" data-e-type=\"column\">\n\t\t\t<div class=\"elementor-widget-wrap elementor-element-populated\">\n\t\t\t\t\t\t<div class=\"elementor-element elementor-element-a5d5657 eael-infobox-content-align--left eael-infobox-icon-bg-shape-none eael-infobox-icon-hover-bg-shape-none elementor-widget elementor-widget-eael-info-box\" data-id=\"a5d5657\" data-element_type=\"widget\" data-e-type=\"widget\" data-widget_type=\"eael-info-box.default\">\n\t\t\t\t<div class=\"elementor-widget-container\">\n\t\t\t\t\t        <div class=\"eael-infobox icon-on-left\">\n\t            <div class=\"infobox-icon eael-icon-only\">\n\n            \n                            <div class=\"infobox-icon-wrap\">\n                    <i aria-hidden=\"true\" class=\"far fa-calendar-alt\"><\/i>                <\/div>\n            \n            \n        <\/div>\n            <div class=\"infobox-content eael-icon-only\">\n                    <div class=\"infobox-title-section\">\n                <h6 class=\"title\">18 February 2022<\/h6>            <\/div>\n                    <\/div>\n            <\/div>\n\n\t\t\t\t\t\t<\/div>\n\t\t\t\t<\/div>\n\t\t\t\t<div class=\"elementor-element elementor-element-1968efa9 elementor-widget elementor-widget-text-editor\" data-id=\"1968efa9\" data-element_type=\"widget\" data-e-type=\"widget\" data-widget_type=\"text-editor.default\">\n\t\t\t\t<div class=\"elementor-widget-container\">\n\t\t\t\t\t\t\t\t\t<div class=\"elementor-element elementor-element-5256158 align-dce-justify elementor-widget elementor-widget-dyncontel-acf\" data-id=\"5256158\" data-element_type=\"widget\" data-settings=\"{&quot;acf_field_list&quot;:&quot;texto_topo&quot;,&quot;acf_type&quot;:&quot;text&quot;}\" data-widget_type=\"dyncontel-acf.default\"><div class=\"elementor-element elementor-element-23aa9167 align-dce-justify elementor-widget elementor-widget-dyncontel-acf\" data-id=\"23aa9167\" data-element_type=\"widget\" data-settings=\"{&quot;acf_field_list&quot;:&quot;texto_topo&quot;,&quot;acf_type&quot;:&quot;text&quot;}\" data-widget_type=\"dyncontel-acf.default\"><p><span class=\"TextoJustificado BlackText TextoBio\"><strong>Festival &amp; Academy VER\u00c3O CL\u00c1SSICO 2022<\/strong><strong> | 8<span class=\"TextoBio\">\u00aa edi\u00e7\u00e3o<\/span><\/strong><\/span><\/p><p><span class=\"TextoJustificado BlackText TextoBio\">Artistic Director: <strong>Filipe Pinto-Ribeiro<\/strong><\/span><\/p><p><span class=\"TextoBio\">The 8th edition of the VER\u00c3O CL\u00c1SSICO Festival and Academy will take place from August 1 to August 13, 2022, in Lisbon. It will feature concerts and Masterclasses with the participation of musicians and teachers from some of the most prestigious international institutions and soloists from leading orchestras worldwide.<\/span><\/p><p><span class=\"TextoBio\">The VER\u00c3O CL\u00c1SSICO Masterclasses are aimed at music students, teachers, and professional musicians. In the 2021 edition, approximately 200 young musicians from over 20 countries participated, including Portugal, Denmark, Poland, the Netherlands, Ukraine, the United Kingdom, Spain, France, Latvia, Italy, Japan, Switzerland, Germany, Canada, China, the USA, Israel, Brazil, Luxembourg, Romania, Chile, Hungary, Belgium, Austria, Moldova, and South Korea.<\/span><\/p><p><span class=\"TextoBio\">For 2022, world-renowned professors have already been confirmed, coming from prestigious conservatories and universities in Berlin, Paris, Oslo, Lausanne, Brussels, Cologne, Strasbourg, Lucerne, and Madrid, as well as from top-tier orchestras, including the Berlin Philharmonic, the Paris Orchestra, and the National Orchestra of France.<\/span><\/p><p><span class=\"TextoBio\">The VER\u00c3O CL\u00c1SSICO professors will lead Masterclasses on technique and musical interpretation, running simultaneously in multiple rooms at the Escola Secund\u00e1ria Marqu\u00eas de Pombal \/ Escola Art\u00edstica de M\u00fasica do Conservat\u00f3rio Nacional (Rua Alexandre de S\u00e1 Pinto, 85, 1349-003 Lisbon), where practice and rehearsal spaces will also be available for participating young musicians.<\/span><\/p><p><span class=\"TextoBio\">All masterclass participants are eligible for the VER\u00c3O CL\u00c1SSICO Prizes, judged by the faculty. These prizes, awarded in the form of concert engagements within music seasons held in Portugal, play an important role in encouraging and recognizing the talent and work developed by participants during VER\u00c3O CL\u00c1SSICO. Some prize-winning young musicians from previous editions have already had the opportunity to perform as soloists with Portugal\u2019s three regional orchestras\u2014the Orquestra do Norte, Orquestra Filarmonia das Beiras, and Orquestra Cl\u00e1ssica do Sul\u2014as well as at international music festivals.<\/span><\/p><p><span class=\"TextoBio\">The VER\u00c3O CL\u00c1SSICO \u2013 Lisbon International Music Academy thus promotes the training and public presentation of young talents, encouraging and supporting them in building their careers, while simultaneously fostering cultural exchange among participants of different nationalities. For Portuguese students, it offers\u2014within their own country\u2014a platform for developing their artistic level and an exceptional opportunity to learn from the most prestigious international professors, world-leading references on their instruments.<\/span><\/p><p><span class=\"TextoBio\">The educational axis of VER\u00c3O CL\u00c1SSICO is complemented by the performance axis, embodied in the Music Festival, which will feature concerts in Lisbon throughout the festival, presenting major works from the 18th to the 21st centuries: four MasterFest concerts with the participation of the professors\/musicians, and six TalentFest concerts, featuring young VER\u00c3O CL\u00c1SSICO musicians who are already nationally and\/or internationally award-winning<\/span><\/p><p><span class=\"TextoBio\">Founded in 2015, the VER\u00c3O CL\u00c1SSICO Festival and Academy is a unique artistic and pedagogical initiative in Portugal, a project of cultural excellence open to all audiences.<\/span><\/p><p class=\"translation-block\"><span class=\"TextoBio\">The detailed Festival program can be consulted here: (<a href=\"https:\/\/www.veraoclassico.com\/\" target=\"_blank\" rel=\"noopener\">https:\/\/www.veraoclassico.com\/<\/a>)<\/span><\/p><p><span class=\"TextoJustificado TextoBio\"><strong>VER\u00c3O CL\u00c1SSICO Calendar\u00a0<\/strong><\/span><span class=\"TextoJustificado BlackText\"><strong>2022:<\/strong><\/span><\/p><p class=\"translation-block\"><span class=\"TextoBio\">01.08.2022 : Masterclasses<br><\/span>\n<span class=\"TextoBio\">02.08.2022 : Masterclasses<br><\/span>\n<span class=\"TextoBio\">03.08.2022 : Masterclasses &amp; MasterFest Concert <strong>\u201cOpening Celebration\u201d<\/strong><br><\/span>\n<span class=\"TextoBio\">04.08.2022 : Masterclasses &amp; TalentFest Concert I<br><\/span>\n<span class=\"TextoBio\">05.08.2022 : Masterclasses &amp; TalentFest Concert II<br><\/span>\n<span class=\"TextoBio\">06.08.2022 : Masterclasses &amp; MasterFest Concert <strong>\u201cBrahms Fest\u201d<\/strong><br><\/span>\n<span class=\"TextoBio\">07.08.2022 : TalentFest Concert III<br><\/span>\n<span class=\"TextoBio\">08.08.2022 : Masterclasses<br><\/span>\n<span class=\"TextoBio\">09.08.2022 : Masterclasses &amp; TalentFest Concert IV<br><\/span>\n<span class=\"TextoBio\">10.08.2022 : Masterclasses &amp; MasterFest Concert <strong>\u201cContrasts Fest\u201d<\/strong><br><\/span>\n<span class=\"TextoBio\">11.08.2022 : Masterclasses &amp; TalentFest Concert V<br><\/span>\n<span class=\"TextoBio\">12.08.2022 : Masterclasses &amp; TalentFest Concert VI<br><\/span>\n<span class=\"TextoBio\">13.08.2022 : Masterclasses &amp; MasterFest Concert <strong>\u201cClosing Celebration\u201d<\/strong><\/span><\/p><\/div><\/div>\t\t\t\t\t\t\t\t<\/div>\n\t\t\t\t<\/div>\n\t\t\t\t<div class=\"elementor-element elementor-element-56c5fd5 elementor-shape-circle e-grid-align-left elementor-grid-0 elementor-widget elementor-widget-social-icons\" data-id=\"56c5fd5\" data-element_type=\"widget\" data-e-type=\"widget\" data-widget_type=\"social-icons.default\">\n\t\t\t\t<div class=\"elementor-widget-container\">\n\t\t\t\t\t\t\t<div class=\"elementor-social-icons-wrapper elementor-grid\" role=\"list\">\n\t\t\t\t\t\t\t<span class=\"elementor-grid-item\" role=\"listitem\">\n\t\t\t\t\t<a class=\"elementor-icon elementor-social-icon elementor-social-icon-facebook elementor-repeater-item-e267b2b\" href=\"https:\/\/www.facebook.com\/VeraoClassico\" target=\"_blank\">\n\t\t\t\t\t\t<span class=\"elementor-screen-only\">Facebook<\/span>\n\t\t\t\t\t\t<i aria-hidden=\"true\" class=\"fab fa-facebook\"><\/i>\t\t\t\t\t<\/a>\n\t\t\t\t<\/span>\n\t\t\t\t\t\t\t<span class=\"elementor-grid-item\" role=\"listitem\">\n\t\t\t\t\t<a class=\"elementor-icon elementor-social-icon elementor-social-icon-instagram elementor-repeater-item-75ec5b8\" href=\"https:\/\/www.instagram.com\/veraoclassico\/\" target=\"_blank\">\n\t\t\t\t\t\t<span class=\"elementor-screen-only\">Instagram<\/span>\n\t\t\t\t\t\t<i aria-hidden=\"true\" class=\"fab fa-instagram\"><\/i>\t\t\t\t\t<\/a>\n\t\t\t\t<\/span>\n\t\t\t\t\t\t\t<span class=\"elementor-grid-item\" role=\"listitem\">\n\t\t\t\t\t<a class=\"elementor-icon elementor-social-icon elementor-social-icon-youtube elementor-repeater-item-f4cb2ec\" href=\"https:\/\/www.youtube.com\/@veraoclassico\" target=\"_blank\">\n\t\t\t\t\t\t<span class=\"elementor-screen-only\">Youtube<\/span>\n\t\t\t\t\t\t<i aria-hidden=\"true\" class=\"fab fa-youtube\"><\/i>\t\t\t\t\t<\/a>\n\t\t\t\t<\/span>\n\t\t\t\t\t\t\t<span class=\"elementor-grid-item\" role=\"listitem\">\n\t\t\t\t\t<a class=\"elementor-icon elementor-social-icon elementor-social-icon-envelope elementor-repeater-item-ae7b6a3\" href=\"mailto:info@veraoclassico.com\" target=\"_blank\">\n\t\t\t\t\t\t<span class=\"elementor-screen-only\">Envelope<\/span>\n\t\t\t\t\t\t<i aria-hidden=\"true\" class=\"fas fa-envelope\"><\/i>\t\t\t\t\t<\/a>\n\t\t\t\t<\/span>\n\t\t\t\t\t<\/div>\n\t\t\t\t\t\t<\/div>\n\t\t\t\t<\/div>\n\t\t\t\t\t<\/div>\n\t\t<\/div>\n\t\t\t\t\t<\/div>\n\t\t<\/section>\n\t\t\t\t\t<\/div>\n\t\t<\/div>\n\t\t\t\t\t<\/div>\n\t\t<\/section>\n\t\t\t\t<\/div>","protected":false},"excerpt":{"rendered":"<p>A 8.\u00aa edi\u00e7\u00e3o do Festival e Academia VER\u00c3O CL\u00c1SSICO decorrer\u00e1 entre 1 de agosto e 13 de agosto de 2022, em Lisboa. Incluir\u00e1&#8230;<\/p>","protected":false},"author":3,"featured_media":1005,"comment_status":"closed","ping_status":"open","sticky":false,"template":"elementor_header_footer","format":"standard","meta":{"footnotes":""},"categories":[27],"tags":[],"class_list":["post-2881","post","type-post","status-publish","format-standard","has-post-thumbnail","hentry","category-27"],"aioseo_notices":[],"_links":{"self":[{"href":"https:\/\/dsch.pt\/en\/wp-json\/wp\/v2\/posts\/2881","targetHints":{"allow":["GET"]}}],"collection":[{"href":"https:\/\/dsch.pt\/en\/wp-json\/wp\/v2\/posts"}],"about":[{"href":"https:\/\/dsch.pt\/en\/wp-json\/wp\/v2\/types\/post"}],"author":[{"embeddable":true,"href":"https:\/\/dsch.pt\/en\/wp-json\/wp\/v2\/users\/3"}],"replies":[{"embeddable":true,"href":"https:\/\/dsch.pt\/en\/wp-json\/wp\/v2\/comments?post=2881"}],"version-history":[{"count":8,"href":"https:\/\/dsch.pt\/en\/wp-json\/wp\/v2\/posts\/2881\/revisions"}],"predecessor-version":[{"id":3327,"href":"https:\/\/dsch.pt\/en\/wp-json\/wp\/v2\/posts\/2881\/revisions\/3327"}],"wp:featuredmedia":[{"embeddable":true,"href":"https:\/\/dsch.pt\/en\/wp-json\/wp\/v2\/media\/1005"}],"wp:attachment":[{"href":"https:\/\/dsch.pt\/en\/wp-json\/wp\/v2\/media?parent=2881"}],"wp:term":[{"taxonomy":"category","embeddable":true,"href":"https:\/\/dsch.pt\/en\/wp-json\/wp\/v2\/categories?post=2881"},{"taxonomy":"post_tag","embeddable":true,"href":"https:\/\/dsch.pt\/en\/wp-json\/wp\/v2\/tags?post=2881"}],"curies":[{"name":"wp","href":"https:\/\/api.w.org\/{rel}","templated":true}]}}