{"id":3613,"date":"2026-04-16T14:46:58","date_gmt":"2026-04-16T14:46:58","guid":{"rendered":"https:\/\/dsch.pt\/?p=3613"},"modified":"2026-04-16T14:50:25","modified_gmt":"2026-04-16T14:50:25","slug":"festival-academia-verao-classico-26","status":"publish","type":"post","link":"https:\/\/dsch.pt\/en\/festival-academia-verao-classico-26\/","title":{"rendered":"Festival &#038; Academia Ver\u00e3o Cl\u00e1ssico &#8217;26"},"content":{"rendered":"<div data-elementor-type=\"wp-post\" data-elementor-id=\"3613\" class=\"elementor elementor-3613\">\n\t\t\t\t\t\t<section class=\"elementor-section elementor-top-section elementor-element elementor-element-c74f936 elementor-section-stretched elementor-section-boxed elementor-section-height-default elementor-section-height-default\" data-id=\"c74f936\" data-element_type=\"section\" data-e-type=\"section\" data-settings=\"{&quot;stretch_section&quot;:&quot;section-stretched&quot;,&quot;background_background&quot;:&quot;classic&quot;}\">\n\t\t\t\t\t\t<div class=\"elementor-container elementor-column-gap-no\">\n\t\t\t\t\t<div class=\"elementor-column elementor-col-100 elementor-top-column elementor-element elementor-element-3241a56 elementor-invisible\" data-id=\"3241a56\" data-element_type=\"column\" data-e-type=\"column\" data-settings=\"{&quot;background_background&quot;:&quot;classic&quot;,&quot;animation&quot;:&quot;fadeInLeft&quot;}\">\n\t\t\t<div class=\"elementor-widget-wrap elementor-element-populated\">\n\t\t\t\t\t\t<div class=\"elementor-element elementor-element-43a14d6 elementor-widget elementor-widget-tl-post-title\" data-id=\"43a14d6\" data-element_type=\"widget\" data-e-type=\"widget\" data-widget_type=\"tl-post-title.default\">\n\t\t\t\t<div class=\"elementor-widget-container\">\n\t\t\t\t\t<h2 class=\"templately-heading-title\">Festival &#038; Academia Ver\u00e3o Cl\u00e1ssico &#8217;26<\/h2>\t\t\t\t<\/div>\n\t\t\t\t<\/div>\n\t\t\t\t\t<\/div>\n\t\t<\/div>\n\t\t\t\t\t<\/div>\n\t\t<\/section>\n\t\t\t\t<section class=\"elementor-section elementor-top-section elementor-element elementor-element-1c2f925e elementor-section-stretched elementor-section-boxed elementor-section-height-default elementor-section-height-default\" data-id=\"1c2f925e\" data-element_type=\"section\" data-e-type=\"section\" data-settings=\"{&quot;stretch_section&quot;:&quot;section-stretched&quot;}\">\n\t\t\t\t\t\t<div class=\"elementor-container elementor-column-gap-no\">\n\t\t\t\t\t<div class=\"elementor-column elementor-col-33 elementor-top-column elementor-element elementor-element-1dd781ee elementor-invisible\" data-id=\"1dd781ee\" data-element_type=\"column\" data-e-type=\"column\" data-settings=\"{&quot;background_background&quot;:&quot;classic&quot;,&quot;animation&quot;:&quot;fadeInRight&quot;}\">\n\t\t\t<div class=\"elementor-widget-wrap elementor-element-populated\">\n\t\t\t\t\t\t<div class=\"elementor-element elementor-element-00e3c57 elementor-widget elementor-widget-tl-post-fatured-image\" data-id=\"00e3c57\" data-element_type=\"widget\" data-e-type=\"widget\" data-widget_type=\"tl-post-fatured-image.default\">\n\t\t\t\t<div class=\"elementor-widget-container\">\n\t\t\t\t\t<img loading=\"lazy\" decoding=\"async\" width=\"1423\" height=\"1424\" src=\"https:\/\/dsch.pt\/wp-content\/uploads\/2026\/04\/VC26-Site-Mobile-PTT-e1776351008793.jpg\" title=\"VC26 &#8211; Site\" alt=\"\" class=\"attachment-full size-full wp-image-3618\" srcset=\"https:\/\/dsch.pt\/wp-content\/uploads\/2026\/04\/VC26-Site-Mobile-PTT-e1776351008793.jpg 1423w, https:\/\/dsch.pt\/wp-content\/uploads\/2026\/04\/VC26-Site-Mobile-PTT-e1776351008793-300x300.jpg 300w, https:\/\/dsch.pt\/wp-content\/uploads\/2026\/04\/VC26-Site-Mobile-PTT-e1776351008793-1024x1024.jpg 1024w, https:\/\/dsch.pt\/wp-content\/uploads\/2026\/04\/VC26-Site-Mobile-PTT-e1776351008793-150x150.jpg 150w, https:\/\/dsch.pt\/wp-content\/uploads\/2026\/04\/VC26-Site-Mobile-PTT-e1776351008793-768x769.jpg 768w, https:\/\/dsch.pt\/wp-content\/uploads\/2026\/04\/VC26-Site-Mobile-PTT-e1776351008793-12x12.jpg 12w, https:\/\/dsch.pt\/wp-content\/uploads\/2026\/04\/VC26-Site-Mobile-PTT-e1776351008793-100x100.jpg 100w, https:\/\/dsch.pt\/wp-content\/uploads\/2026\/04\/VC26-Site-Mobile-PTT-e1776351008793-200x200.jpg 200w, https:\/\/dsch.pt\/wp-content\/uploads\/2026\/04\/VC26-Site-Mobile-PTT-e1776351008793-400x400.jpg 400w, https:\/\/dsch.pt\/wp-content\/uploads\/2026\/04\/VC26-Site-Mobile-PTT-e1776351008793-500x500.jpg 500w\" sizes=\"auto, (max-width: 1423px) 100vw, 1423px\" \/>\t\t\t\t<\/div>\n\t\t\t\t<\/div>\n\t\t\t\t\t<\/div>\n\t\t<\/div>\n\t\t\t\t<div class=\"elementor-column elementor-col-66 elementor-top-column elementor-element elementor-element-72d355ee elementor-invisible\" data-id=\"72d355ee\" data-element_type=\"column\" data-e-type=\"column\" data-settings=\"{&quot;background_background&quot;:&quot;classic&quot;,&quot;animation&quot;:&quot;fadeInLeft&quot;}\">\n\t\t\t<div class=\"elementor-widget-wrap elementor-element-populated\">\n\t\t\t\t\t\t<section class=\"elementor-section elementor-inner-section elementor-element elementor-element-3b5b279f elementor-section-boxed elementor-section-height-default elementor-section-height-default\" data-id=\"3b5b279f\" data-element_type=\"section\" data-e-type=\"section\" data-settings=\"{&quot;background_background&quot;:&quot;classic&quot;}\">\n\t\t\t\t\t\t<div class=\"elementor-container elementor-column-gap-wider\">\n\t\t\t\t\t<div class=\"elementor-column elementor-col-100 elementor-inner-column elementor-element elementor-element-1d841b63\" data-id=\"1d841b63\" data-element_type=\"column\" data-e-type=\"column\">\n\t\t\t<div class=\"elementor-widget-wrap elementor-element-populated\">\n\t\t\t\t\t\t<div class=\"elementor-element elementor-element-a5d5657 eael-infobox-content-align--left eael-infobox-icon-bg-shape-none eael-infobox-icon-hover-bg-shape-none elementor-widget elementor-widget-eael-info-box\" data-id=\"a5d5657\" data-element_type=\"widget\" data-e-type=\"widget\" data-widget_type=\"eael-info-box.default\">\n\t\t\t\t<div class=\"elementor-widget-container\">\n\t\t\t\t\t        <div class=\"eael-infobox icon-on-left\">\n\t            <div class=\"infobox-icon eael-icon-only\">\n\n            \n                            <div class=\"infobox-icon-wrap\">\n                    <i aria-hidden=\"true\" class=\"far fa-calendar-alt\"><\/i>                <\/div>\n            \n            \n        <\/div>\n            <div class=\"infobox-content eael-icon-only\">\n                    <div class=\"infobox-title-section\">\n                <h6 class=\"title\">16 April 2025<\/h6>            <\/div>\n                    <\/div>\n            <\/div>\n\n\t\t\t\t\t\t<\/div>\n\t\t\t\t<\/div>\n\t\t\t\t<div class=\"elementor-element elementor-element-1968efa9 elementor-widget elementor-widget-text-editor\" data-id=\"1968efa9\" data-element_type=\"widget\" data-e-type=\"widget\" data-widget_type=\"text-editor.default\">\n\t\t\t\t<div class=\"elementor-widget-container\">\n\t\t\t\t\t\t\t\t\t<div class=\"elementor-element elementor-element-5256158 align-dce-justify elementor-widget elementor-widget-dyncontel-acf\" data-id=\"5256158\" data-element_type=\"widget\" data-settings=\"{&quot;acf_field_list&quot;:&quot;texto_topo&quot;,&quot;acf_type&quot;:&quot;text&quot;}\" data-widget_type=\"dyncontel-acf.default\"><div class=\"elementor-element elementor-element-23aa9167 align-dce-justify elementor-widget elementor-widget-dyncontel-acf\" data-id=\"23aa9167\" data-element_type=\"widget\" data-settings=\"{&quot;acf_field_list&quot;:&quot;texto_topo&quot;,&quot;acf_type&quot;:&quot;text&quot;}\" data-widget_type=\"dyncontel-acf.default\"><p><span style=\"font-weight: 400;\">The 12th edition of the VER\u00c3O CL\u00c1SSICO Masterclasses will take place from 20 July to 1 August 2026, in Lisbon, with the participation of musicians and professors from some of the world\u2019s most prestigious international music institutions.<\/span><\/p><p><span style=\"font-weight: 400;\">Primarily intended for music students and teachers, the VER\u00c3O CL\u00c1SSICO 2026 Masterclasses will be held at the Escola Art\u00edstica de M\u00fasica do Conservat\u00f3rio Nacional and the Escola Secund\u00e1ria Marqu\u00eas de Pombal (address: Rua Alexandre de S\u00e1 Pinto 85, 1349-003 Lisbon), where practice and rehearsal rooms will be available to participants.<\/span><\/p><p><span style=\"font-weight: 400;\">For the 2026 edition, world-renowned professors from conservatories and universities in Berlin, Vienna, Madrid, Munich, Paris, Oslo, Lausanne, Copenhagen, and Salzburg have already been confirmed:<\/span><\/p><p><b>20 &gt; 25 JUL<\/b><\/p><ul><li style=\"font-weight: 400;\" aria-level=\"1\"><a href=\"https:\/\/veraoclassico.com\/professores\/anna-samuil\/\"><b>Anna Samuil \u2022 Alemanha \u2022 Canto<\/b><b><br \/><\/b><\/a><span style=\"font-weight: 400;\">Professor at the Hochschule \u201cHanns Eisler\u201d in Berlin and soloist at the Berlin State Opera<\/span><p>\u00a0<\/p><\/li><li style=\"font-weight: 400;\" aria-level=\"1\"><a href=\"https:\/\/veraoclassico.com\/professores\/eszter-haffner\/\"><b>Eszter Haffner \u2022 \u00c1ustria \u2022 Violino<\/b><b><br \/><\/b><\/a><span style=\"font-weight: 400;\">Professor at the Hanns Eisler School of Music Berlin and soloist at the Berlin State Opera<\/span><p>\u00a0<\/p><\/li><li style=\"font-weight: 400;\" aria-level=\"1\"><a href=\"https:\/\/veraoclassico.com\/professores\/stephan-picard\/\"><b>Stephan Picard\u2022 Germany \u2022 Violin<\/b><b><br \/><\/b><\/a><span style=\"font-weight: 400;\">Professor at the Hochschule \u201cHanns Eisler\u201d in Berlin<\/span><p>\u00a0<\/p><\/li><li style=\"font-weight: 400;\" aria-level=\"1\"><a href=\"https:\/\/veraoclassico.com\/professores\/edgar-moreau\/\"><b>Edgar Moreau \u2022 Fran\u00e7a \u2022 Violoncelo<\/b><b><br \/><\/b><\/a><span style=\"font-weight: 400;\">Professor at the Paris Conservatoire<\/span><p>\u00a0<\/p><\/li><li style=\"font-weight: 400;\" aria-level=\"1\"><a href=\"https:\/\/veraoclassico.com\/professores\/alexandra-scott\/\"><b>Alexandra Scott \u2022 Reino Unido \u2022 Contrabaixo<\/b><b><br \/><\/b><\/a><span style=\"font-weight: 400;\">Professor at the University of Music and Performing Arts in Munich<\/span><p>\u00a0<\/p><\/li><li style=\"font-weight: 400;\" aria-level=\"1\"><a href=\"https:\/\/veraoclassico.com\/professores\/filipe-pinto-ribeiro\/\"><b>Filipe Pinto-Ribeiro \u2022 Portugal \u2022 Piano<\/b><b><br \/><\/b><\/a><span style=\"font-weight: 400;\"><span style=\"font-weight: 400;\">Artistic Director  fo VER\u00c3O CL\u00c1SSICO, Festival dos Capuchos and Bragan\u00e7a ClassicFest<\/span><\/span><p>\u00a0<\/p><\/li><\/ul><p><b>27 JUL &gt; 1 AGO<\/b><\/p><ul><li style=\"font-weight: 400;\" aria-level=\"1\"><a href=\"https:\/\/veraoclassico.com\/professores\/eldar-nebolsin\/\"><b>Eldar Nebolsin \u2022 Uzbequist\u00e3o \u2022 Piano<\/b><b><br \/><\/b><\/a><span style=\"font-weight: 400;\">Professor at the Hochschule \u201cHanns Eisler\u201d in Berlin<\/span><span style=\"font-weight: 400;\"><br \/><\/span><span style=\"font-weight: 400;\">\u00a0<\/span><\/li><li style=\"font-weight: 400;\" aria-level=\"1\"><a href=\"https:\/\/veraoclassico.com\/professores\/esther-hoppe\/\"><b>Esther Hoppe \u2022 Su\u00ed\u00e7a \u2022 Violino<\/b><b><br \/><\/b><\/a><span style=\"font-weight: 400;\">Professor at the Mozarteum University Salzburg<\/span><span style=\"font-weight: 400;\"><br \/><\/span><span style=\"font-weight: 400;\">\u00a0<\/span><\/li><li style=\"font-weight: 400;\" aria-level=\"1\"><a href=\"https:\/\/veraoclassico.com\/professores\/lena-neudauer\/\"><b>Lena Neudauer \u2022 Germany \u2022 Violin<\/b><b><br \/><\/b><\/a><span style=\"font-weight: 400;\">Professor at the University of Music and Performing Arts in Munich<\/span><p>\u00a0<\/p><\/li><li style=\"font-weight: 400;\" aria-level=\"1\"><a href=\"https:\/\/veraoclassico.com\/professores\/lars-anders-tomter\/\"><b>Lars Anders Tomter \u2022 Noruega \u2022 Viola<\/b><b><br \/><\/b><\/a><span style=\"font-weight: 400;\">Professor at the Norwegian Academy of Music, Oslo<\/span><p>\u00a0<\/p><\/li><li style=\"font-weight: 400;\" aria-level=\"1\"><a href=\"https:\/\/veraoclassico.com\/professores\/giovanni-gnocchi\/\"><b>Giovanni Gnocchi \u2022 It\u00e1lia \u2022 Violoncelo<\/b><b><br \/><\/b><\/a><span style=\"font-weight: 400;\">Professor at the Mozarteum University Salzburg<\/span><span style=\"font-weight: 400;\"><br \/><\/span><span style=\"font-weight: 400;\">\u00a0<\/span><\/li><li style=\"font-weight: 400;\" aria-level=\"1\"><a href=\"https:\/\/veraoclassico.com\/professores\/pascal-moragues\/\"><b>Pascal Moragu\u00e8s \u2022 Fran\u00e7a \u2022 Clarinete<\/b><b><br \/><\/b><\/a><span style=\"font-weight: 400;\">Professor at the Paris Conservatoire, the Lausanne University of Music, and the Escuela Superior Reina Sof\u00eda, Madrid<\/span><\/li><\/ul><p><span style=\"font-weight: 400;\">All Masterclass participants are eligible for the VER\u00c3O CL\u00c1SSICO Awards, adjudicated by the faculty members. These awards, in the form of concert engagements within festivals and concert seasons in Portugal, play an important role in encouraging and recognising the talent and work demonstrated by participants during VER\u00c3O CL\u00c1SSICO.<\/span><\/p><p><span style=\"font-weight: 400;\">VER\u00c3O CL\u00c1SSICO thus promotes both the artistic training and public presentation of young talents, encouraging and supporting them in the development of their careers, while simultaneously fostering cultural exchange among participants of different nationalities. For Portuguese students, it offers a platform within their own country to further develop their artistic level and the exceptional opportunity to learn from some of the most distinguished professors.<\/span><\/p><p><span style=\"font-weight: 400;\">The educational dimension of VER\u00c3O CL\u00c1SSICO is complemented by its performance programme, the Music Festival, which presents concerts featuring major works from the 18th to the 21st centuries: four MasterFest concerts, featuring the professors, and six TalentFest concerts, performed by selected young musicians.<\/span><\/p><p>\u00a0<\/p><p><b>GENERAL SCHEDULE<\/b><\/p><p class=\"translation-block\"><span style=\"font-weight: 400\">20 JULY 2026 \u2022 Masterclasses <\/span><span style=\"font-weight: 400\"><br><\/span><span style=\"font-weight: 400\">21 JULY 2026 \u2022 Masterclasses &amp; MasterFest Concert<\/span><span style=\"font-weight: 400\"><br><\/span><span style=\"font-weight: 400\">22 JULY 2026 \u2022 Masterclasses &amp; TalentFest Concert<\/span><span style=\"font-weight: 400\"><br><\/span><span style=\"font-weight: 400\">23 JULY 2026 \u2022 Masterclasses &amp; TalentFest Concert<\/span><span style=\"font-weight: 400\"><br><\/span><span style=\"font-weight: 400\">24 JULY 2026 \u2022 Masterclasses &amp; TalentFest Concert<\/span><span style=\"font-weight: 400\"><br><\/span><span style=\"font-weight: 400\">25 JULY 2026 \u2022 Masterclasses &amp; MasterFest Concert<\/span><span style=\"font-weight: 400\"><br><\/span><span style=\"font-weight: 400\">27 JULY 2026 \u2022 Masterclasses <\/span><span style=\"font-weight: 400\"><br><\/span><span style=\"font-weight: 400\">28 JULY 2026 \u2022 Masterclasses &amp; TalentFest Concert<\/span><span style=\"font-weight: 400\"><br><\/span><span style=\"font-weight: 400\">29 JULY 2026 \u2022 Masterclasses &amp; MasterFest Concert<\/span><span style=\"font-weight: 400\"><br><\/span><span style=\"font-weight: 400\">30 JULY 2026 \u2022 Masterclasses &amp; TalentFest Concert<\/span><span style=\"font-weight: 400\"><br><\/span><span style=\"font-weight: 400\">31 JULY 2026 \u2022 Masterclasses &amp; TalentFest Concert<\/span><span style=\"font-weight: 400\"><br><\/span><span style=\"font-weight: 400\">01 AUGUST 2026 \u2022 Masterclasses &amp; MasterFest Concert<\/span><\/p><\/div><\/div>\t\t\t\t\t\t\t\t<\/div>\n\t\t\t\t<\/div>\n\t\t\t\t<div class=\"elementor-element elementor-element-56c5fd5 elementor-shape-circle e-grid-align-left elementor-grid-0 elementor-widget elementor-widget-social-icons\" data-id=\"56c5fd5\" data-element_type=\"widget\" data-e-type=\"widget\" data-widget_type=\"social-icons.default\">\n\t\t\t\t<div class=\"elementor-widget-container\">\n\t\t\t\t\t\t\t<div class=\"elementor-social-icons-wrapper elementor-grid\" role=\"list\">\n\t\t\t\t\t\t\t<span class=\"elementor-grid-item\" role=\"listitem\">\n\t\t\t\t\t<a class=\"elementor-icon elementor-social-icon elementor-social-icon-facebook elementor-repeater-item-e267b2b\" href=\"https:\/\/www.facebook.com\/VeraoClassico\" target=\"_blank\">\n\t\t\t\t\t\t<span class=\"elementor-screen-only\">Facebook<\/span>\n\t\t\t\t\t\t<i aria-hidden=\"true\" class=\"fab fa-facebook\"><\/i>\t\t\t\t\t<\/a>\n\t\t\t\t<\/span>\n\t\t\t\t\t\t\t<span class=\"elementor-grid-item\" role=\"listitem\">\n\t\t\t\t\t<a class=\"elementor-icon elementor-social-icon elementor-social-icon-instagram elementor-repeater-item-75ec5b8\" href=\"https:\/\/www.instagram.com\/veraoclassico\/\" target=\"_blank\">\n\t\t\t\t\t\t<span class=\"elementor-screen-only\">Instagram<\/span>\n\t\t\t\t\t\t<i aria-hidden=\"true\" class=\"fab fa-instagram\"><\/i>\t\t\t\t\t<\/a>\n\t\t\t\t<\/span>\n\t\t\t\t\t\t\t<span class=\"elementor-grid-item\" role=\"listitem\">\n\t\t\t\t\t<a class=\"elementor-icon elementor-social-icon elementor-social-icon-youtube elementor-repeater-item-f4cb2ec\" href=\"https:\/\/www.youtube.com\/@veraoclassico\" target=\"_blank\">\n\t\t\t\t\t\t<span class=\"elementor-screen-only\">Youtube<\/span>\n\t\t\t\t\t\t<i aria-hidden=\"true\" class=\"fab fa-youtube\"><\/i>\t\t\t\t\t<\/a>\n\t\t\t\t<\/span>\n\t\t\t\t\t\t\t<span class=\"elementor-grid-item\" role=\"listitem\">\n\t\t\t\t\t<a class=\"elementor-icon elementor-social-icon elementor-social-icon-envelope elementor-repeater-item-ae7b6a3\" href=\"mailto:info@veraoclassico.com\" target=\"_blank\">\n\t\t\t\t\t\t<span class=\"elementor-screen-only\">Envelope<\/span>\n\t\t\t\t\t\t<i aria-hidden=\"true\" class=\"fas fa-envelope\"><\/i>\t\t\t\t\t<\/a>\n\t\t\t\t<\/span>\n\t\t\t\t\t<\/div>\n\t\t\t\t\t\t<\/div>\n\t\t\t\t<\/div>\n\t\t\t\t\t<\/div>\n\t\t<\/div>\n\t\t\t\t\t<\/div>\n\t\t<\/section>\n\t\t\t\t\t<\/div>\n\t\t<\/div>\n\t\t\t\t\t<\/div>\n\t\t<\/section>\n\t\t\t\t<\/div>","protected":false},"excerpt":{"rendered":"<p>A 12.\u00aa edi\u00e7\u00e3o das Masterclasses VER\u00c3O CL\u00c1SSICO decorrer\u00e1 de 20 de julho a 1 de agosto de 2026, em Lisboa, com a participa\u00e7\u00e3o&#8230;<\/p>","protected":false},"author":3,"featured_media":3618,"comment_status":"closed","ping_status":"open","sticky":false,"template":"elementor_header_footer","format":"standard","meta":{"footnotes":""},"categories":[29],"tags":[],"class_list":["post-3613","post","type-post","status-publish","format-standard","has-post-thumbnail","hentry","category-news2026"],"aioseo_notices":[],"_links":{"self":[{"href":"https:\/\/dsch.pt\/en\/wp-json\/wp\/v2\/posts\/3613","targetHints":{"allow":["GET"]}}],"collection":[{"href":"https:\/\/dsch.pt\/en\/wp-json\/wp\/v2\/posts"}],"about":[{"href":"https:\/\/dsch.pt\/en\/wp-json\/wp\/v2\/types\/post"}],"author":[{"embeddable":true,"href":"https:\/\/dsch.pt\/en\/wp-json\/wp\/v2\/users\/3"}],"replies":[{"embeddable":true,"href":"https:\/\/dsch.pt\/en\/wp-json\/wp\/v2\/comments?post=3613"}],"version-history":[{"count":5,"href":"https:\/\/dsch.pt\/en\/wp-json\/wp\/v2\/posts\/3613\/revisions"}],"predecessor-version":[{"id":3620,"href":"https:\/\/dsch.pt\/en\/wp-json\/wp\/v2\/posts\/3613\/revisions\/3620"}],"wp:featuredmedia":[{"embeddable":true,"href":"https:\/\/dsch.pt\/en\/wp-json\/wp\/v2\/media\/3618"}],"wp:attachment":[{"href":"https:\/\/dsch.pt\/en\/wp-json\/wp\/v2\/media?parent=3613"}],"wp:term":[{"taxonomy":"category","embeddable":true,"href":"https:\/\/dsch.pt\/en\/wp-json\/wp\/v2\/categories?post=3613"},{"taxonomy":"post_tag","embeddable":true,"href":"https:\/\/dsch.pt\/en\/wp-json\/wp\/v2\/tags?post=3613"}],"curies":[{"name":"wp","href":"https:\/\/api.w.org\/{rel}","templated":true}]}}